{"id":44528,"date":"2023-06-26T19:38:15","date_gmt":"2023-06-26T19:38:15","guid":{"rendered":"https:\/\/new.mediagroup.mx\/index.php\/2023\/06\/26\/celebran-diputadas-exitosa-participacion-de-artistas-michoacanos-en-ii-festival-internacional-tomas-luis-de-victoria-en-espana\/"},"modified":"2023-06-26T19:38:15","modified_gmt":"2023-06-26T19:38:15","slug":"celebran-diputadas-exitosa-participacion-de-artistas-michoacanos-en-ii-festival-internacional-tomas-luis-de-victoria-en-espana","status":"publish","type":"post","link":"https:\/\/mediagroup.mx\/index.php\/2023\/06\/26\/celebran-diputadas-exitosa-participacion-de-artistas-michoacanos-en-ii-festival-internacional-tomas-luis-de-victoria-en-espana\/","title":{"rendered":"Celebran diputadas exitosa participaci\u00f3n de artistas michoacanos en II Festival Internacional Tom\u00e1s Luis de Victoria en Espa\u00f1a"},"content":{"rendered":"<p style=\"text-align: justify;\">Otorgar todo el respaldo necesario para proyectar la cultura michoacana en M\u00e9xico y el resto del mundo, ha sido un eje prioritario para las diputadas integrantes de la Comisi\u00f3n de Cultura y Artes de la 75 legislatura.<\/p>\n<p style=\"text-align: justify;\">As\u00ed lo expuso la presidenta de esta Comisi\u00f3n la diputada Andrea Villanueva Cano, quien celebr\u00f3 la exitosa participaci\u00f3n del ensamble realizado por Frida Garc\u00eda, Bernardo Ram\u00edrez y Farid Nava, estudiantes del Conservatorio de las Rosas y quienes gracias al respaldo de las legisladoras, participaron en el II Festival Internacional Tom\u00e1s Luis de Victoria en la ciudad de \u00c1vila, Espa\u00f1a.<\/p>\n<p style=\"text-align: justify;\">\u00abLa presencia de Michoac\u00e1n en este festival, nos llena de orgullo y especialmente la participaci\u00f3n de estos talentosos j\u00f3venes que pusieron en alto el nombre de Michoac\u00e1n, mostr\u00e1ndoles una parte de la enorme riqueza cultural que nos distingue no s\u00f3lo en M\u00e9xico sino en el mundo\u00bb.<\/p>\n<p style=\"text-align: justify;\">A su vez, la diputada Mar\u00eda Fernanda \u00c1lvarez Mendoza, expres\u00f3 su reconocimiento al ensamble michoacano, quienes con su destacada participaci\u00f3n en el festival Tom\u00e1s Luis de Victoria, fortalecen los lazos entre las naciones y muestran que en Michoac\u00e1n el talento y la cultura prevalece.<\/p>\n<p style=\"text-align: justify;\">\u00abRespaldar a los talentos michoacanos ha sido un compromiso de nuestra Comisi\u00f3n y creemos que Michoac\u00e1n debe difundir su cultura, sus tradiciones y con ello, contrarrestar las opiniones negativas que muchas veces recobran mayor importancia que todo lo bueno que sucede en nuestro estado\u00bb, consider\u00f3.<\/p>\n<p style=\"text-align: justify;\">En el mismo tenor, la diputada Mar\u00eda de la Luz N\u00fa\u00f1ez Ramos, asegur\u00f3 que la participaci\u00f3n de los artistas michoacanos en festivales nacionales y extranjeros, resultan oportunos y necesarios para el intercambio cultural entre naciones, especialmente entre dos culturas como la mexicana y la espa\u00f1ola, cuya relaci\u00f3n ancestral debe recobrar un nuevo sentido de respeto y cooperaci\u00f3n.<\/p>\n<p style=\"text-align: justify;\">\u00abTanto la cultura mexicana como la cultura espa\u00f1ola mantienen v\u00ednculos hist\u00f3ricos y por eso decidimos apoyar a estos j\u00f3venes talentosos, para que no s\u00f3lo lleven con orgullo la cultura michoacana a este festival, sino para fortalecer una nueva etapa de relaciones de respeto y cooperaci\u00f3n entre ambas naciones\u00bb, finaliz\u00f3.<\/p>\n","protected":false},"excerpt":{"rendered":"<p>Otorgar todo el respaldo necesario para proyectar la cultura michoacana en M\u00e9xico y el resto del mundo, ha sido un eje prioritario para las diputadas integrantes de la Comisi\u00f3n de Cultura y Artes de la 75 legislatura. As\u00ed lo expuso la presidenta de esta Comisi\u00f3n la diputada Andrea Villanueva Cano, quien celebr\u00f3 la exitosa participaci\u00f3n [&hellip;]<\/p>\n","protected":false},"author":1,"featured_media":44529,"comment_status":"open","ping_status":"open","sticky":false,"template":"","format":"standard","meta":{"om_disable_all_campaigns":false,"_monsterinsights_skip_tracking":false,"_monsterinsights_sitenote_active":false,"_monsterinsights_sitenote_note":"","_monsterinsights_sitenote_category":0,"_uf_show_specific_survey":0,"_uf_disable_surveys":false,"_jetpack_memberships_contains_paid_content":false,"footnotes":"","jetpack_publicize_message":"","jetpack_publicize_feature_enabled":true,"jetpack_social_post_already_shared":false,"jetpack_social_options":{"image_generator_settings":{"template":"highway","default_image_id":0,"enabled":false},"version":2}},"categories":[15],"tags":[],"class_list":{"0":"post-44528","1":"post","2":"type-post","3":"status-publish","4":"format-standard","5":"has-post-thumbnail","7":"category-michoacan"},"aioseo_notices":[],"jetpack_publicize_connections":[],"jetpack_featured_media_url":"https:\/\/mediagroup.mx\/wp-content\/uploads\/2023\/06\/WhatsApp-Image-2022-12-04-at-5.54.55-PM-1.jpeg","jetpack_sharing_enabled":true,"_links":{"self":[{"href":"https:\/\/mediagroup.mx\/index.php\/wp-json\/wp\/v2\/posts\/44528","targetHints":{"allow":["GET"]}}],"collection":[{"href":"https:\/\/mediagroup.mx\/index.php\/wp-json\/wp\/v2\/posts"}],"about":[{"href":"https:\/\/mediagroup.mx\/index.php\/wp-json\/wp\/v2\/types\/post"}],"author":[{"embeddable":true,"href":"https:\/\/mediagroup.mx\/index.php\/wp-json\/wp\/v2\/users\/1"}],"replies":[{"embeddable":true,"href":"https:\/\/mediagroup.mx\/index.php\/wp-json\/wp\/v2\/comments?post=44528"}],"version-history":[{"count":0,"href":"https:\/\/mediagroup.mx\/index.php\/wp-json\/wp\/v2\/posts\/44528\/revisions"}],"wp:featuredmedia":[{"embeddable":true,"href":"https:\/\/mediagroup.mx\/index.php\/wp-json\/wp\/v2\/media\/44529"}],"wp:attachment":[{"href":"https:\/\/mediagroup.mx\/index.php\/wp-json\/wp\/v2\/media?parent=44528"}],"wp:term":[{"taxonomy":"category","embeddable":true,"href":"https:\/\/mediagroup.mx\/index.php\/wp-json\/wp\/v2\/categories?post=44528"},{"taxonomy":"post_tag","embeddable":true,"href":"https:\/\/mediagroup.mx\/index.php\/wp-json\/wp\/v2\/tags?post=44528"}],"curies":[{"name":"wp","href":"https:\/\/api.w.org\/{rel}","templated":true}]}}