{"id":44533,"date":"2023-06-26T19:38:15","date_gmt":"2023-06-26T19:38:15","guid":{"rendered":"https:\/\/new.mediagroup.mx\/index.php\/2023\/06\/26\/foro-para-la-construccion-de-la-diputacion-migrante-cristalizara-una-legitima-demanda-en-michoacan-victor-manriquez\/"},"modified":"2023-06-26T19:38:15","modified_gmt":"2023-06-26T19:38:15","slug":"foro-para-la-construccion-de-la-diputacion-migrante-cristalizara-una-legitima-demanda-en-michoacan-victor-manriquez","status":"publish","type":"post","link":"https:\/\/mediagroup.mx\/index.php\/2023\/06\/26\/foro-para-la-construccion-de-la-diputacion-migrante-cristalizara-una-legitima-demanda-en-michoacan-victor-manriquez\/","title":{"rendered":"Foro para la Construcci\u00f3n de la Diputaci\u00f3n Migrante, cristalizar\u00e1 una leg\u00edtima demanda en Michoac\u00e1n: V\u00edctor Manr\u00edquez"},"content":{"rendered":"<p style=\"text-align: justify;\">La realizaci\u00f3n del Foro para la Construcci\u00f3n de la Diputaci\u00f3n Migrante, permitir\u00e1 cristalizar en Michoac\u00e1n una leg\u00edtima demanda de representaci\u00f3n dentro del Poder Legislativo de nuestros paisanos, subray\u00f3 el diputado V\u00edctor Manr\u00edquez Gonz\u00e1lez, presidente de la Comisi\u00f3n de Migraci\u00f3n de la LXXV Legislatura del Congreso del Estado.<\/p>\n<p style=\"text-align: justify;\">El tambi\u00e9n coordinador del Grupo Parlamentario del Partido de la Revoluci\u00f3n Democr\u00e1tica, record\u00f3 que el Foro habr\u00e1 de realizarse el pr\u00f3ximo nueve de diciembre en Palacio Legislativo, como parte del proceso legislativo para la reforma que posibilitar\u00e1 la creaci\u00f3n de la diputaci\u00f3n migrante.<\/p>\n<p style=\"text-align: justify;\">\u201cEl Congreso se han presentado ya dos iniciativas para reformar la Constituci\u00f3n Pol\u00edtica del Estado, a fin de dar vida a la diputaci\u00f3n migrante, una elaborada por la Comisi\u00f3n legislativa, y otra m\u00e1s promovida por ciudadanos\u201d.<\/p>\n<p style=\"text-align: justify;\">Record\u00f3 que a nivel local, se cuenta ya con la figura de \u201cdiputado migrante\u201d en cinco entidades federativas: Zacatecas, Chiapas, Guerrero, Oaxaca y Ciudad de M\u00e9xico; con esfuerzos visibles por crearla en Jalisco y Guanajuato; sum\u00e1ndose un exhorto del Poder Legislativo de Zacatecas al Congreso de la Uni\u00f3n, cuya finalidad es que a trav\u00e9s de sus Comisiones de Asuntos Migratorios, dictaminen a la brevedad la creaci\u00f3n de una sexta circunscripci\u00f3n electoral para los residentes en el extranjero y se otorguen los mismos derechos que tienen los residentes en M\u00e9xico.<\/p>\n<p style=\"text-align: justify;\">\u201cEn Michoac\u00e1n tenemos pendientes de vital transcendencia: el derecho de todas y todos los michoacanos a votar por todos y cada uno de los cargos en una elecci\u00f3n local, no \u00fanicamente para elegir la Gubernatura del Estado, y el derecho de ser votado encontr\u00e1ndose o radicando en otro pa\u00eds\u201d.<\/p>\n<p style=\"text-align: justify;\">V\u00edctor Manr\u00edquez subray\u00f3 que la creaci\u00f3n de la figura del diputado migrante es una necesidad y exigencia apremiante por parte de la comunidad migrante, pues significa avance en la aplicaci\u00f3n de acciones afirmativas, de acciones que ayuden a cerrar las brechas de desigualdad y mejoren las condiciones de vida de las personas connacionales desde una voz que les represente en el Congreso del Estado.<\/p>\n","protected":false},"excerpt":{"rendered":"<p>La realizaci\u00f3n del Foro para la Construcci\u00f3n de la Diputaci\u00f3n Migrante, permitir\u00e1 cristalizar en Michoac\u00e1n una leg\u00edtima demanda de representaci\u00f3n dentro del Poder Legislativo de nuestros paisanos, subray\u00f3 el diputado V\u00edctor Manr\u00edquez Gonz\u00e1lez, presidente de la Comisi\u00f3n de Migraci\u00f3n de la LXXV Legislatura del Congreso del Estado. El tambi\u00e9n coordinador del Grupo Parlamentario del Partido [&hellip;]<\/p>\n","protected":false},"author":1,"featured_media":44534,"comment_status":"open","ping_status":"open","sticky":false,"template":"","format":"standard","meta":{"om_disable_all_campaigns":false,"_monsterinsights_skip_tracking":false,"_monsterinsights_sitenote_active":false,"_monsterinsights_sitenote_note":"","_monsterinsights_sitenote_category":0,"_uf_show_specific_survey":0,"_uf_disable_surveys":false,"_jetpack_memberships_contains_paid_content":false,"footnotes":"","jetpack_publicize_message":"","jetpack_publicize_feature_enabled":true,"jetpack_social_post_already_shared":false,"jetpack_social_options":{"image_generator_settings":{"template":"highway","default_image_id":0,"enabled":false},"version":2}},"categories":[15],"tags":[],"class_list":{"0":"post-44533","1":"post","2":"type-post","3":"status-publish","4":"format-standard","5":"has-post-thumbnail","7":"category-michoacan"},"aioseo_notices":[],"jetpack_publicize_connections":[],"jetpack_featured_media_url":"https:\/\/mediagroup.mx\/wp-content\/uploads\/2023\/06\/WhatsApp-Image-2022-12-04-at-5.54.56-PM.jpeg","jetpack_sharing_enabled":true,"_links":{"self":[{"href":"https:\/\/mediagroup.mx\/index.php\/wp-json\/wp\/v2\/posts\/44533","targetHints":{"allow":["GET"]}}],"collection":[{"href":"https:\/\/mediagroup.mx\/index.php\/wp-json\/wp\/v2\/posts"}],"about":[{"href":"https:\/\/mediagroup.mx\/index.php\/wp-json\/wp\/v2\/types\/post"}],"author":[{"embeddable":true,"href":"https:\/\/mediagroup.mx\/index.php\/wp-json\/wp\/v2\/users\/1"}],"replies":[{"embeddable":true,"href":"https:\/\/mediagroup.mx\/index.php\/wp-json\/wp\/v2\/comments?post=44533"}],"version-history":[{"count":0,"href":"https:\/\/mediagroup.mx\/index.php\/wp-json\/wp\/v2\/posts\/44533\/revisions"}],"wp:featuredmedia":[{"embeddable":true,"href":"https:\/\/mediagroup.mx\/index.php\/wp-json\/wp\/v2\/media\/44534"}],"wp:attachment":[{"href":"https:\/\/mediagroup.mx\/index.php\/wp-json\/wp\/v2\/media?parent=44533"}],"wp:term":[{"taxonomy":"category","embeddable":true,"href":"https:\/\/mediagroup.mx\/index.php\/wp-json\/wp\/v2\/categories?post=44533"},{"taxonomy":"post_tag","embeddable":true,"href":"https:\/\/mediagroup.mx\/index.php\/wp-json\/wp\/v2\/tags?post=44533"}],"curies":[{"name":"wp","href":"https:\/\/api.w.org\/{rel}","templated":true}]}}