{"id":44545,"date":"2023-06-26T19:38:15","date_gmt":"2023-06-26T19:38:15","guid":{"rendered":"https:\/\/new.mediagroup.mx\/index.php\/2023\/06\/26\/buscan-legisladores-mejorar-funcionamiento-de-organismos-desde-el-presupuesto-2023\/"},"modified":"2023-06-26T19:38:15","modified_gmt":"2023-06-26T19:38:15","slug":"buscan-legisladores-mejorar-funcionamiento-de-organismos-desde-el-presupuesto-2023","status":"publish","type":"post","link":"https:\/\/mediagroup.mx\/index.php\/2023\/06\/26\/buscan-legisladores-mejorar-funcionamiento-de-organismos-desde-el-presupuesto-2023\/","title":{"rendered":"Buscan legisladores mejorar funcionamiento de organismos, desde el Presupuesto 2023"},"content":{"rendered":"<p style=\"text-align: justify;\">Con la intenci\u00f3n de tener claridad sobre la aplicaci\u00f3n del recurso en los distintos organismos y escuchar de voz de sus titulares, las necesidades y requerimientos que existen de cara a la aprobaci\u00f3n del paquete fiscal 2023, integrantes de la 75 Legislatura se reunieron con titulares de organismos descentralizados.<\/p>\n<p style=\"text-align: justify;\">As\u00ed, diputados que forman parte de las Comisiones Unidas de Programaci\u00f3n, Presupuesto y Cuenta P\u00fablica, y de Hacienda y Deuda P\u00fablica, se reunieron con el Consejero presidente del Instituto Electoral de Michoac\u00e1n (IEM), Ignacio Hurtado G\u00f3mez y, posteriormente, con el Comisionado presidente de la Comisi\u00f3n Ejecutiva de Atenci\u00f3n a V\u00edctimas (CEAV), Josu\u00e9 Alfonso Mej\u00eda Pineda.<\/p>\n<p style=\"text-align: justify;\">Marco Polo Aguirre Ch\u00e1vez, diputado presidente de la Comisi\u00f3n de Programaci\u00f3n, Presupuesto y Cuenta P\u00fablica, explic\u00f3 que estos encuentros surgen con la intenci\u00f3n de tener mayor claridad en las tareas que realizan los diferentes organismos y determinar as\u00ed c\u00f3mo coadyuvar a su mejor funcionamiento.<\/p>\n<p style=\"text-align: justify;\">Dijo que se busca fortalecer a los diferentes organismos, ya que son parte fundamental para que Michoac\u00e1n contin\u00fae en progreso.<\/p>\n<p style=\"text-align: justify;\">Consider\u00f3 que el tema electoral es primordial para que las y los michoacanos tengan certeza democr\u00e1tica; mientras que la atenci\u00f3n a las v\u00edctimas es de suma importancia para que Michoac\u00e1n sea punta de lanza en la materia.<\/p>\n<p style=\"text-align: justify;\">Las y los legisladores, se\u00f1alaron que se deben conocer m\u00e1s a fondo sus actividades para que, con base en eso, el tema presupuestal sea adecuado para su ejercicio anual.<\/p>\n<p style=\"text-align: justify;\">En estas reuniones tambi\u00e9n estuvieron presentes las y los diputados: Seyra Anah\u00ed Alem\u00e1n Sierra, Andrea Villanueva Cano, Julieta Hortencia Gallardo Mora, Baltazar Gaona Garc\u00eda, Hugo Anaya \u00c1vila, Felipe de Jes\u00fas Contreras Correa , Mar\u00eda Fernanda \u00c1lvarez Mendoza y Er\u00e9ndira Isauro Hern\u00e1ndez.<\/p>\n","protected":false},"excerpt":{"rendered":"<p>Con la intenci\u00f3n de tener claridad sobre la aplicaci\u00f3n del recurso en los distintos organismos y escuchar de voz de sus titulares, las necesidades y requerimientos que existen de cara a la aprobaci\u00f3n del paquete fiscal 2023, integrantes de la 75 Legislatura se reunieron con titulares de organismos descentralizados. As\u00ed, diputados que forman parte de [&hellip;]<\/p>\n","protected":false},"author":1,"featured_media":44546,"comment_status":"open","ping_status":"open","sticky":false,"template":"","format":"standard","meta":{"om_disable_all_campaigns":false,"_monsterinsights_skip_tracking":false,"_monsterinsights_sitenote_active":false,"_monsterinsights_sitenote_note":"","_monsterinsights_sitenote_category":0,"_uf_show_specific_survey":0,"_uf_disable_surveys":false,"_jetpack_memberships_contains_paid_content":false,"footnotes":"","jetpack_publicize_message":"","jetpack_publicize_feature_enabled":true,"jetpack_social_post_already_shared":false,"jetpack_social_options":{"image_generator_settings":{"template":"highway","default_image_id":0,"enabled":false},"version":2}},"categories":[15],"tags":[],"class_list":{"0":"post-44545","1":"post","2":"type-post","3":"status-publish","4":"format-standard","5":"has-post-thumbnail","7":"category-michoacan"},"aioseo_notices":[],"jetpack_publicize_connections":[],"jetpack_featured_media_url":"https:\/\/mediagroup.mx\/wp-content\/uploads\/2023\/06\/WhatsApp-Image-2022-12-12-at-5.49.09-PM.jpeg","jetpack_sharing_enabled":true,"_links":{"self":[{"href":"https:\/\/mediagroup.mx\/index.php\/wp-json\/wp\/v2\/posts\/44545","targetHints":{"allow":["GET"]}}],"collection":[{"href":"https:\/\/mediagroup.mx\/index.php\/wp-json\/wp\/v2\/posts"}],"about":[{"href":"https:\/\/mediagroup.mx\/index.php\/wp-json\/wp\/v2\/types\/post"}],"author":[{"embeddable":true,"href":"https:\/\/mediagroup.mx\/index.php\/wp-json\/wp\/v2\/users\/1"}],"replies":[{"embeddable":true,"href":"https:\/\/mediagroup.mx\/index.php\/wp-json\/wp\/v2\/comments?post=44545"}],"version-history":[{"count":0,"href":"https:\/\/mediagroup.mx\/index.php\/wp-json\/wp\/v2\/posts\/44545\/revisions"}],"wp:featuredmedia":[{"embeddable":true,"href":"https:\/\/mediagroup.mx\/index.php\/wp-json\/wp\/v2\/media\/44546"}],"wp:attachment":[{"href":"https:\/\/mediagroup.mx\/index.php\/wp-json\/wp\/v2\/media?parent=44545"}],"wp:term":[{"taxonomy":"category","embeddable":true,"href":"https:\/\/mediagroup.mx\/index.php\/wp-json\/wp\/v2\/categories?post=44545"},{"taxonomy":"post_tag","embeddable":true,"href":"https:\/\/mediagroup.mx\/index.php\/wp-json\/wp\/v2\/tags?post=44545"}],"curies":[{"name":"wp","href":"https:\/\/api.w.org\/{rel}","templated":true}]}}