{"id":44547,"date":"2023-06-26T19:38:15","date_gmt":"2023-06-26T19:38:15","guid":{"rendered":"https:\/\/new.mediagroup.mx\/index.php\/2023\/06\/26\/diputacion-migrante-es-un-reconocimiento-a-michoacanos-radicados-en-el-extranjero-erendira-isauro\/"},"modified":"2023-06-26T19:38:15","modified_gmt":"2023-06-26T19:38:15","slug":"diputacion-migrante-es-un-reconocimiento-a-michoacanos-radicados-en-el-extranjero-erendira-isauro","status":"publish","type":"post","link":"https:\/\/mediagroup.mx\/index.php\/2023\/06\/26\/diputacion-migrante-es-un-reconocimiento-a-michoacanos-radicados-en-el-extranjero-erendira-isauro\/","title":{"rendered":"Diputaci\u00f3n migrante es un reconocimiento a michoacanos radicados en el extranjero: Er\u00e9ndira Isauro"},"content":{"rendered":"<p style=\"text-align: justify;\">Er\u00e9ndira Isauro Hern\u00e1ndez, diputada integrante de la Comisi\u00f3n de Migraci\u00f3n del Congreso del Estado, afirm\u00f3 que no habr\u00e1 ni un paso atr\u00e1s en el reconocimiento de la comunidad migrante, esto al asegurar que los espacios de discusi\u00f3n sobre la diputaci\u00f3n destinado a este sector, es una oportunidad para reivindicar a los michoacanos que radican en el extranjero.<\/p>\n<p>Hizo hincapi\u00e9 en que el Foro para la construcci\u00f3n de la Diputaci\u00f3n migrante en Michoac\u00e1n\u201d, recientemente realizado en el Congreso del Estado y otros m\u00e1s que se habr\u00e1n de implementar en el mismo sentido, se hacen de una manera incluyente, en donde todos y todas caben.<\/p>\n<p>\u201cLa lucha que este sector considerado como uno de los grupos vulnerables, es por el reconocimiento de los derechos pol\u00edtico-electorales, este ha sido arduo, de eso no tengo la menor duda, y conf\u00edo que nunca un muro sea la divisi\u00f3n de nuestras ra\u00edces, origen o ideales\u201d, dijo la legisladora.<\/p>\n<p>Tras la realizaci\u00f3n del \u201cForo para la construcci\u00f3n de la Diputaci\u00f3n migrante en Michoac\u00e1n\u201d el pasado viernes y que fue inaugurado por el diputado presidente de la comisi\u00f3n de Migraci\u00f3n, V\u00edctor Manr\u00edquez Gonz\u00e1lez, la diputada destac\u00f3 que se retomar\u00e1n todas las propuestas que surgieron durante este encuentro.<\/p>\n<p>Subray\u00f3 la importancia de generar estos espacios de reflexi\u00f3n donde sean migrantes quienes aporten su experiencia e ideas, es para consolidar la figura del diputado Migrante, que sea un arduo defensor de los derechos de esta poblaci\u00f3n.<\/p>\n","protected":false},"excerpt":{"rendered":"<p>Er\u00e9ndira Isauro Hern\u00e1ndez, diputada integrante de la Comisi\u00f3n de Migraci\u00f3n del Congreso del Estado, afirm\u00f3 que no habr\u00e1 ni un paso atr\u00e1s en el reconocimiento de la comunidad migrante, esto al asegurar que los espacios de discusi\u00f3n sobre la diputaci\u00f3n destinado a este sector, es una oportunidad para reivindicar a los michoacanos que radican en [&hellip;]<\/p>\n","protected":false},"author":1,"featured_media":44548,"comment_status":"open","ping_status":"open","sticky":false,"template":"","format":"standard","meta":{"om_disable_all_campaigns":false,"_monsterinsights_skip_tracking":false,"_monsterinsights_sitenote_active":false,"_monsterinsights_sitenote_note":"","_monsterinsights_sitenote_category":0,"_uf_show_specific_survey":0,"_uf_disable_surveys":false,"_jetpack_memberships_contains_paid_content":false,"footnotes":"","jetpack_publicize_message":"","jetpack_publicize_feature_enabled":true,"jetpack_social_post_already_shared":false,"jetpack_social_options":{"image_generator_settings":{"template":"highway","default_image_id":0,"enabled":false},"version":2}},"categories":[15],"tags":[],"class_list":{"0":"post-44547","1":"post","2":"type-post","3":"status-publish","4":"format-standard","5":"has-post-thumbnail","7":"category-michoacan"},"aioseo_notices":[],"jetpack_publicize_connections":[],"jetpack_featured_media_url":"https:\/\/mediagroup.mx\/wp-content\/uploads\/2023\/06\/WhatsApp-Image-2022-12-12-at-7.03.43-PM.jpeg","jetpack_sharing_enabled":true,"_links":{"self":[{"href":"https:\/\/mediagroup.mx\/index.php\/wp-json\/wp\/v2\/posts\/44547","targetHints":{"allow":["GET"]}}],"collection":[{"href":"https:\/\/mediagroup.mx\/index.php\/wp-json\/wp\/v2\/posts"}],"about":[{"href":"https:\/\/mediagroup.mx\/index.php\/wp-json\/wp\/v2\/types\/post"}],"author":[{"embeddable":true,"href":"https:\/\/mediagroup.mx\/index.php\/wp-json\/wp\/v2\/users\/1"}],"replies":[{"embeddable":true,"href":"https:\/\/mediagroup.mx\/index.php\/wp-json\/wp\/v2\/comments?post=44547"}],"version-history":[{"count":0,"href":"https:\/\/mediagroup.mx\/index.php\/wp-json\/wp\/v2\/posts\/44547\/revisions"}],"wp:featuredmedia":[{"embeddable":true,"href":"https:\/\/mediagroup.mx\/index.php\/wp-json\/wp\/v2\/media\/44548"}],"wp:attachment":[{"href":"https:\/\/mediagroup.mx\/index.php\/wp-json\/wp\/v2\/media?parent=44547"}],"wp:term":[{"taxonomy":"category","embeddable":true,"href":"https:\/\/mediagroup.mx\/index.php\/wp-json\/wp\/v2\/categories?post=44547"},{"taxonomy":"post_tag","embeddable":true,"href":"https:\/\/mediagroup.mx\/index.php\/wp-json\/wp\/v2\/tags?post=44547"}],"curies":[{"name":"wp","href":"https:\/\/api.w.org\/{rel}","templated":true}]}}