{"id":44551,"date":"2023-06-26T19:38:15","date_gmt":"2023-06-26T19:38:15","guid":{"rendered":"https:\/\/new.mediagroup.mx\/index.php\/2023\/06\/26\/analiza-pt-ruta-del-paquete-economico-2023-para-michoacan\/"},"modified":"2023-06-26T19:38:15","modified_gmt":"2023-06-26T19:38:15","slug":"analiza-pt-ruta-del-paquete-economico-2023-para-michoacan","status":"publish","type":"post","link":"https:\/\/mediagroup.mx\/index.php\/2023\/06\/26\/analiza-pt-ruta-del-paquete-economico-2023-para-michoacan\/","title":{"rendered":"Analiza PT ruta del paquete econ\u00f3mico 2023 para Michoac\u00e1n"},"content":{"rendered":"<p style=\"text-align: justify;\">El coordinador del Grupo Parlamentario del Partido del Trabajo, Reyes Galindo Pedraza, se\u00f1al\u00f3 que su bancada ya analiza la propuesta del paquete econ\u00f3mico 2023 que envi\u00f3 el gobierno estatal, para que en pr\u00f3ximos d\u00edas pueda ser aprobada en el Congreso de Michoac\u00e1n, en la que destac\u00f3 se priorizan los rubros educativo, de salud, as\u00ed como los municipios, para que estos puedan ejercer los recursos d\u00f3nde m\u00e1s lo requieran.<\/p>\n<p style=\"text-align: justify;\">Lo anterior, luego de llevarse a cabo la reuni\u00f3n de las comisiones de Presupuesto y Hacienda, en la que estuvieron presentes los titulares de las secretar\u00edas de Finanzas, Obras P\u00fablicas y Movilidad del Gobierno de Michoac\u00e1n, y que se espera que adem\u00e1s otros funcionarios estatales expongan sus puntos de vista y necesidades de las dependencias que encabezan.<\/p>\n<p style=\"text-align: justify;\">\u00abEl objetivo es analizar a fondo el contenido del Paquete Econ\u00f3mico 2023 para nuestra entidad, para evitar hacer las cosas &#8216;al vapor&#8217; como se han hecho en anteriores administraciones, en las que ya hasta parec\u00eda una tradici\u00f3n que se diera el visto bueno por parte del legislativo en el \u00faltimo minuto del a\u00f1o\u00bb, expuso el petista.<\/p>\n<p style=\"text-align: justify;\">Dijo que el GPPT ha puesto \u00e9nfasis en trabajar por mejorar el proceso de an\u00e1lisis, para romper con la vieja usanza de que las cosas se hagan a la mera hora, puesto que ello dijo, \u00fanicamente dejaba entrever la falta de inter\u00e9s de los legisladores para revisar el contenido del presupuesto enviado por el Ejecutivo estatal.<\/p>\n<p style=\"text-align: justify;\">Se\u00f1al\u00f3 que el Partido del Trabajo tiene una gran representaci\u00f3n en las Comisiones Dictaminadoras, en el legislador Baltazar Gaona, quien adem\u00e1s de la experiencia t\u00e9cnica y parlamentaria, tiene la sensibilidad de priorizar las necesidades m\u00e1s urgentes para Michoac\u00e1n y para el instituto pol\u00edtico del que forman parte.<\/p>\n<p style=\"text-align: justify;\">Por \u00faltimo, Reyes Galindo, aprovech\u00f3 para hacer un llamado a las diferentes fracciones parlamentarias para que se priorice a la ciudadan\u00eda en este ejercicio financiero y a evitar discusiones pol\u00edticas, que \u00fanicamente obedecen a intereses personales.<\/p>\n","protected":false},"excerpt":{"rendered":"<p>El coordinador del Grupo Parlamentario del Partido del Trabajo, Reyes Galindo Pedraza, se\u00f1al\u00f3 que su bancada ya analiza la propuesta del paquete econ\u00f3mico 2023 que envi\u00f3 el gobierno estatal, para que en pr\u00f3ximos d\u00edas pueda ser aprobada en el Congreso de Michoac\u00e1n, en la que destac\u00f3 se priorizan los rubros educativo, de salud, as\u00ed como [&hellip;]<\/p>\n","protected":false},"author":1,"featured_media":44552,"comment_status":"open","ping_status":"open","sticky":false,"template":"","format":"standard","meta":{"om_disable_all_campaigns":false,"_monsterinsights_skip_tracking":false,"_monsterinsights_sitenote_active":false,"_monsterinsights_sitenote_note":"","_monsterinsights_sitenote_category":0,"_uf_show_specific_survey":0,"_uf_disable_surveys":false,"_jetpack_memberships_contains_paid_content":false,"footnotes":"","jetpack_publicize_message":"","jetpack_publicize_feature_enabled":true,"jetpack_social_post_already_shared":false,"jetpack_social_options":{"image_generator_settings":{"template":"highway","default_image_id":0,"enabled":false},"version":2}},"categories":[15],"tags":[],"class_list":{"0":"post-44551","1":"post","2":"type-post","3":"status-publish","4":"format-standard","5":"has-post-thumbnail","7":"category-michoacan"},"aioseo_notices":[],"jetpack_publicize_connections":[],"jetpack_featured_media_url":"https:\/\/mediagroup.mx\/wp-content\/uploads\/2023\/06\/WhatsApp-Image-2022-12-13-at-7.01.54-PM.jpeg","jetpack_sharing_enabled":true,"_links":{"self":[{"href":"https:\/\/mediagroup.mx\/index.php\/wp-json\/wp\/v2\/posts\/44551","targetHints":{"allow":["GET"]}}],"collection":[{"href":"https:\/\/mediagroup.mx\/index.php\/wp-json\/wp\/v2\/posts"}],"about":[{"href":"https:\/\/mediagroup.mx\/index.php\/wp-json\/wp\/v2\/types\/post"}],"author":[{"embeddable":true,"href":"https:\/\/mediagroup.mx\/index.php\/wp-json\/wp\/v2\/users\/1"}],"replies":[{"embeddable":true,"href":"https:\/\/mediagroup.mx\/index.php\/wp-json\/wp\/v2\/comments?post=44551"}],"version-history":[{"count":0,"href":"https:\/\/mediagroup.mx\/index.php\/wp-json\/wp\/v2\/posts\/44551\/revisions"}],"wp:featuredmedia":[{"embeddable":true,"href":"https:\/\/mediagroup.mx\/index.php\/wp-json\/wp\/v2\/media\/44552"}],"wp:attachment":[{"href":"https:\/\/mediagroup.mx\/index.php\/wp-json\/wp\/v2\/media?parent=44551"}],"wp:term":[{"taxonomy":"category","embeddable":true,"href":"https:\/\/mediagroup.mx\/index.php\/wp-json\/wp\/v2\/categories?post=44551"},{"taxonomy":"post_tag","embeddable":true,"href":"https:\/\/mediagroup.mx\/index.php\/wp-json\/wp\/v2\/tags?post=44551"}],"curies":[{"name":"wp","href":"https:\/\/api.w.org\/{rel}","templated":true}]}}