{"id":44553,"date":"2023-06-26T19:38:15","date_gmt":"2023-06-26T19:38:15","guid":{"rendered":"https:\/\/new.mediagroup.mx\/index.php\/2023\/06\/26\/designa-75-legislatura-a-alfonso-vargas-como-director-del-iiel\/"},"modified":"2023-06-26T19:38:15","modified_gmt":"2023-06-26T19:38:15","slug":"designa-75-legislatura-a-alfonso-vargas-como-director-del-iiel","status":"publish","type":"post","link":"https:\/\/mediagroup.mx\/index.php\/2023\/06\/26\/designa-75-legislatura-a-alfonso-vargas-como-director-del-iiel\/","title":{"rendered":"Designa 75 Legislatura a Alfonso Vargas como director del IIEL"},"content":{"rendered":"<p style=\"text-align: justify;\">El Pleno Legislativo design\u00f3 al maestro Alfonso Vargas Guerrero, como director del Instituto de Investigaciones y Estudios Legislativos del Congreso del Estado (IIEL), quien ocupar\u00e1 el cargo por un periodo de casi dos a\u00f1os.<\/p>\n<p style=\"text-align: justify;\">El nuevo titular del IIEL fue electo de la terna presentada por la Junta de Coordinaci\u00f3n Pol\u00edtica, integrada adem\u00e1s por el ingeniero Jos\u00e9 Rogelio D\u00edaz Escalera y la ciudadana Mayra Elizabeth Sosa Jim\u00e9nez.<\/p>\n<p style=\"text-align: justify;\">Tras la votaci\u00f3n, Vargas Guerrero fue convocado al Sal\u00f3n del Pleno por las y los legisladores Ma. Guillermina R\u00edos Torres, Margarita L\u00f3pez P\u00e9rez, Guadalupe D\u00edaz Chagolla, Fanny Lyssete Arreola Pichardo, M\u00f3nica Lariza L\u00f3pez P\u00e9rez, J. Reyes Galindo Pedraza, C\u00e9sar Enrique Palafox Quintero y V\u00edctor Hugo Zurita Ortiz, para su toma de protesta, cargo que concluir\u00e1 el d\u00eda 31 de octubre de 2024.<\/p>\n<p style=\"text-align: justify;\">El Instituto de Investigaciones y Estudios Legislativos, es el \u00f3rgano del Congreso encargado de elaborar investigaciones que permitan apoyar los trabajos de la agenda legislativa, apoyar en asesor\u00eda interna para las comisiones y comit\u00e9s; y, producir investigaciones sobre el propio Congreso para su proyecci\u00f3n y fortalecimiento.<\/p>\n","protected":false},"excerpt":{"rendered":"<p>El Pleno Legislativo design\u00f3 al maestro Alfonso Vargas Guerrero, como director del Instituto de Investigaciones y Estudios Legislativos del Congreso del Estado (IIEL), quien ocupar\u00e1 el cargo por un periodo de casi dos a\u00f1os. El nuevo titular del IIEL fue electo de la terna presentada por la Junta de Coordinaci\u00f3n Pol\u00edtica, integrada adem\u00e1s por el [&hellip;]<\/p>\n","protected":false},"author":1,"featured_media":44554,"comment_status":"open","ping_status":"open","sticky":false,"template":"","format":"standard","meta":{"om_disable_all_campaigns":false,"_monsterinsights_skip_tracking":false,"_monsterinsights_sitenote_active":false,"_monsterinsights_sitenote_note":"","_monsterinsights_sitenote_category":0,"_uf_show_specific_survey":0,"_uf_disable_surveys":false,"_jetpack_memberships_contains_paid_content":false,"footnotes":"","jetpack_publicize_message":"","jetpack_publicize_feature_enabled":true,"jetpack_social_post_already_shared":false,"jetpack_social_options":{"image_generator_settings":{"template":"highway","default_image_id":0,"enabled":false},"version":2}},"categories":[15],"tags":[],"class_list":{"0":"post-44553","1":"post","2":"type-post","3":"status-publish","4":"format-standard","5":"has-post-thumbnail","7":"category-michoacan"},"aioseo_notices":[],"jetpack_publicize_connections":[],"jetpack_featured_media_url":"https:\/\/mediagroup.mx\/wp-content\/uploads\/2023\/06\/WhatsApp-Image-2022-12-14-at-1.23.12-PM.jpeg","jetpack_sharing_enabled":true,"_links":{"self":[{"href":"https:\/\/mediagroup.mx\/index.php\/wp-json\/wp\/v2\/posts\/44553","targetHints":{"allow":["GET"]}}],"collection":[{"href":"https:\/\/mediagroup.mx\/index.php\/wp-json\/wp\/v2\/posts"}],"about":[{"href":"https:\/\/mediagroup.mx\/index.php\/wp-json\/wp\/v2\/types\/post"}],"author":[{"embeddable":true,"href":"https:\/\/mediagroup.mx\/index.php\/wp-json\/wp\/v2\/users\/1"}],"replies":[{"embeddable":true,"href":"https:\/\/mediagroup.mx\/index.php\/wp-json\/wp\/v2\/comments?post=44553"}],"version-history":[{"count":0,"href":"https:\/\/mediagroup.mx\/index.php\/wp-json\/wp\/v2\/posts\/44553\/revisions"}],"wp:featuredmedia":[{"embeddable":true,"href":"https:\/\/mediagroup.mx\/index.php\/wp-json\/wp\/v2\/media\/44554"}],"wp:attachment":[{"href":"https:\/\/mediagroup.mx\/index.php\/wp-json\/wp\/v2\/media?parent=44553"}],"wp:term":[{"taxonomy":"category","embeddable":true,"href":"https:\/\/mediagroup.mx\/index.php\/wp-json\/wp\/v2\/categories?post=44553"},{"taxonomy":"post_tag","embeddable":true,"href":"https:\/\/mediagroup.mx\/index.php\/wp-json\/wp\/v2\/tags?post=44553"}],"curies":[{"name":"wp","href":"https:\/\/api.w.org\/{rel}","templated":true}]}}