{"id":44559,"date":"2023-06-26T19:38:15","date_gmt":"2023-06-26T19:38:15","guid":{"rendered":"https:\/\/new.mediagroup.mx\/index.php\/2023\/06\/26\/que-todos-los-michoacanos-cuenten-con-atencion-a-la-salud-mental-andrea-villanueva\/"},"modified":"2023-06-26T19:38:15","modified_gmt":"2023-06-26T19:38:15","slug":"que-todos-los-michoacanos-cuenten-con-atencion-a-la-salud-mental-andrea-villanueva","status":"publish","type":"post","link":"https:\/\/mediagroup.mx\/index.php\/2023\/06\/26\/que-todos-los-michoacanos-cuenten-con-atencion-a-la-salud-mental-andrea-villanueva\/","title":{"rendered":"Que todos los michoacanos cuenten con atenci\u00f3n a la salud mental: Andrea Villanueva"},"content":{"rendered":"<p style=\"text-align: justify;\">Garantizar que todo michoacano acceda una atenci\u00f3n digna a su salud mental en los hospitales p\u00fablicos, ha sido una prioridad de la diputada local Andrea Villanueva Cano, quien luego de haber propuesto reformas a la Ley en la materia, celebr\u00f3 el respaldo de sus compa\u00f1eros legisladores para lograr que esta ma\u00f1ana fuera avalada en sesi\u00f3n ordinaria del Congreso del Estado.<\/p>\n<p style=\"text-align: justify;\">La representante del Distrito 11 de Morelia, indic\u00f3 que la finalidad de estas reformas es reconocer los trastornos de salud mental que afectan la calidad de vida de los michoacanos, y que las acciones de gobierno prioricen su atenci\u00f3n, adem\u00e1s de garantizar que cualquier persona reciba el tratamiento necesario.<\/p>\n<p style=\"text-align: justify;\">As\u00ed, se modifica el concepto discriminatorio de enfermedad por trastorno mental, logrando con ello visibilizar la realidad de muchas personas que ven afectada su calidad de vida a causa de dichos trastornos, adem\u00e1s de apegarse a los lineamientos de la Organizaci\u00f3n Mundial de la Salud que piden a los gobiernos reconocer estos trastornos como un problema de salud p\u00fablica.<\/p>\n<p style=\"text-align: justify;\">Adem\u00e1s, con la propuesta de la diputada Andrea Villanueva se consolida la implementaci\u00f3n de programas que brinden atenci\u00f3n prioritaria a los trastornos de salud mental, as\u00ed como acciones para la promoci\u00f3n, prevenci\u00f3n, diagn\u00f3stico oportuno, tratamiento y rehabilitaci\u00f3n de estos trastornos, con las particularidades de cada uno.<\/p>\n<p style=\"text-align: justify;\">Andrea Villanueva, indic\u00f3 que con estas modificaciones a la Ley de Salud Mental del Estado y a la Ley de la Comisi\u00f3n Estatal de Derechos Humanos, se vuelven obligatorias las visitas de la Comisi\u00f3n Estatal de Derechos Humanos cuando menos una vez al a\u00f1o, a los hospicios, instituciones y organismos asistenciales, hospitales psiqui\u00e1tricos, as\u00ed como establecimientos destinados a la detenci\u00f3n preventiva, internamiento o reinserci\u00f3n en todo el estado, con la finalidad de verificar las condiciones en las que se encuentran los pacientes internados en las mismas.<\/p>\n<p style=\"text-align: justify;\">Finalmente, agradeci\u00f3 el respaldo de las integrantes de la Comisi\u00f3n de Salud y Asistencia Social, as\u00ed como de todos los diputados integrantes de la 75 Legislatura, para que estos nuevos ordenamientos sean una realidad en todo Michoac\u00e1n y as\u00ed, mejorar la calidad de vida de todas las personas que viven d\u00eda con d\u00eda con alg\u00fan trastorno de salud mental.<\/p>\n","protected":false},"excerpt":{"rendered":"<p>Garantizar que todo michoacano acceda una atenci\u00f3n digna a su salud mental en los hospitales p\u00fablicos, ha sido una prioridad de la diputada local Andrea Villanueva Cano, quien luego de haber propuesto reformas a la Ley en la materia, celebr\u00f3 el respaldo de sus compa\u00f1eros legisladores para lograr que esta ma\u00f1ana fuera avalada en sesi\u00f3n [&hellip;]<\/p>\n","protected":false},"author":1,"featured_media":44560,"comment_status":"open","ping_status":"open","sticky":false,"template":"","format":"standard","meta":{"om_disable_all_campaigns":false,"_monsterinsights_skip_tracking":false,"_monsterinsights_sitenote_active":false,"_monsterinsights_sitenote_note":"","_monsterinsights_sitenote_category":0,"_uf_show_specific_survey":0,"_uf_disable_surveys":false,"_jetpack_memberships_contains_paid_content":false,"footnotes":"","jetpack_publicize_message":"","jetpack_publicize_feature_enabled":true,"jetpack_social_post_already_shared":false,"jetpack_social_options":{"image_generator_settings":{"template":"highway","default_image_id":0,"enabled":false},"version":2}},"categories":[15],"tags":[],"class_list":{"0":"post-44559","1":"post","2":"type-post","3":"status-publish","4":"format-standard","5":"has-post-thumbnail","7":"category-michoacan"},"aioseo_notices":[],"jetpack_publicize_connections":[],"jetpack_featured_media_url":"https:\/\/mediagroup.mx\/wp-content\/uploads\/2023\/06\/WhatsApp-Image-2022-12-14-at-4.29.48-PM-1.jpeg","jetpack_sharing_enabled":true,"_links":{"self":[{"href":"https:\/\/mediagroup.mx\/index.php\/wp-json\/wp\/v2\/posts\/44559","targetHints":{"allow":["GET"]}}],"collection":[{"href":"https:\/\/mediagroup.mx\/index.php\/wp-json\/wp\/v2\/posts"}],"about":[{"href":"https:\/\/mediagroup.mx\/index.php\/wp-json\/wp\/v2\/types\/post"}],"author":[{"embeddable":true,"href":"https:\/\/mediagroup.mx\/index.php\/wp-json\/wp\/v2\/users\/1"}],"replies":[{"embeddable":true,"href":"https:\/\/mediagroup.mx\/index.php\/wp-json\/wp\/v2\/comments?post=44559"}],"version-history":[{"count":0,"href":"https:\/\/mediagroup.mx\/index.php\/wp-json\/wp\/v2\/posts\/44559\/revisions"}],"wp:featuredmedia":[{"embeddable":true,"href":"https:\/\/mediagroup.mx\/index.php\/wp-json\/wp\/v2\/media\/44560"}],"wp:attachment":[{"href":"https:\/\/mediagroup.mx\/index.php\/wp-json\/wp\/v2\/media?parent=44559"}],"wp:term":[{"taxonomy":"category","embeddable":true,"href":"https:\/\/mediagroup.mx\/index.php\/wp-json\/wp\/v2\/categories?post=44559"},{"taxonomy":"post_tag","embeddable":true,"href":"https:\/\/mediagroup.mx\/index.php\/wp-json\/wp\/v2\/tags?post=44559"}],"curies":[{"name":"wp","href":"https:\/\/api.w.org\/{rel}","templated":true}]}}