{"id":44570,"date":"2023-06-26T19:38:40","date_gmt":"2023-06-26T19:38:40","guid":{"rendered":"https:\/\/new.mediagroup.mx\/index.php\/2023\/06\/26\/necesario-que-congreso-cuente-con-una-comision-dictaminadora-para-atencion-a-personas-con-discapacidad-victor-zurita\/"},"modified":"2023-06-26T19:38:40","modified_gmt":"2023-06-26T19:38:40","slug":"necesario-que-congreso-cuente-con-una-comision-dictaminadora-para-atencion-a-personas-con-discapacidad-victor-zurita","status":"publish","type":"post","link":"https:\/\/mediagroup.mx\/index.php\/2023\/06\/26\/necesario-que-congreso-cuente-con-una-comision-dictaminadora-para-atencion-a-personas-con-discapacidad-victor-zurita\/","title":{"rendered":"Necesario que Congreso cuente con una comisi\u00f3n dictaminadora para atenci\u00f3n a personas con discapacidad: V\u00edctor Zurita"},"content":{"rendered":"<p style=\"text-align: justify;\">Es necesario que el Poder Legislativo del Estado, cuente con una comisi\u00f3n dictaminadora para la atenci\u00f3n a personas con discapacidad, para que vele en la confecci\u00f3n de las normas por los derechos de este sector de la poblaci\u00f3n, recalc\u00f3 el diputado V\u00edctor Zurita Ortiz, presidente de la Comisi\u00f3n Especial de Atenci\u00f3n a Personas con Discapacidad de la LXXV Legislatura del Congreso del Estado.<\/p>\n<p style=\"text-align: justify;\">El diputado integrante del Grupo Parlamentario de Morena present\u00f3 una iniciativa para reformar la Ley Org\u00e1nica y de Procedimientos del Congreso, a fin de incorporar entre sus comisiones dictaminadoras, una para la Atenci\u00f3n a las Personas con Discapacidad.<\/p>\n<p style=\"text-align: justify;\">\u201cEl tres de diciembre se conmemor\u00f3 el D\u00eda Internacional de las Personas con Discapacidad, y en ese contexto podemos apoyar esta iniciativa y dar una muestra clara de que en la agenda legislativa de este Congreso las personas con discapacidad son una prioridad\u201d.<\/p>\n<p style=\"text-align: justify;\">V\u00edctor Zurita record\u00f3 que actualmente la Comisi\u00f3n de Derechos Humanos del Congreso, es la encargada de dar atenci\u00f3n a los asuntos relacionados con la discapacidad, sin embargo tambi\u00e9n atiende un sinf\u00edn de asuntos relacionados con la protecci\u00f3n de los derechos humanos de otros grupos sociales, por lo que se hace necesaria la creaci\u00f3n de una comisi\u00f3n que atienda de manera particular todo lo relacionado con la inclusi\u00f3n.<\/p>\n<p style=\"text-align: justify;\">\u201cDe crearse la Comisi\u00f3n para la Atenci\u00f3n de Personas con Discapacidad se propone derogar la facultad de tiene la Comisi\u00f3n de Derechos Humanos de fomentar iniciativas y proyectos legislativos tendientes a proteger los derechos humanos de las personas con discapacidad, la cual no es suficiente para impulsar acciones legislativas que generen la inclusi\u00f3n que demandan las personas con discapacidad, as\u00ed como la eliminaci\u00f3n de las formas de discriminaci\u00f3n que viven\u201d.<\/p>\n<p style=\"text-align: justify;\">El legislador destac\u00f3 que lo establecido actualmente en la Ley Org\u00e1nica y de Procedimientos del Congreso no es suficiente para brindar una atenci\u00f3n integral a las necesidades de las personas con discapacidad, sus representantes y familiares, tal y como lo mandaten los instrumentos internacionales y la propia Ley General para la Inclusi\u00f3n de las Personas con Discapacidad, la cual establece una serie de atribuciones y deberes que tienen las autoridades, entre las que se encuentra el Poder Legislativo.<\/p>\n","protected":false},"excerpt":{"rendered":"<p>Es necesario que el Poder Legislativo del Estado, cuente con una comisi\u00f3n dictaminadora para la atenci\u00f3n a personas con discapacidad, para que vele en la confecci\u00f3n de las normas por los derechos de este sector de la poblaci\u00f3n, recalc\u00f3 el diputado V\u00edctor Zurita Ortiz, presidente de la Comisi\u00f3n Especial de Atenci\u00f3n a Personas con Discapacidad [&hellip;]<\/p>\n","protected":false},"author":1,"featured_media":44571,"comment_status":"open","ping_status":"open","sticky":false,"template":"","format":"standard","meta":{"om_disable_all_campaigns":false,"_monsterinsights_skip_tracking":false,"_monsterinsights_sitenote_active":false,"_monsterinsights_sitenote_note":"","_monsterinsights_sitenote_category":0,"_uf_show_specific_survey":0,"_uf_disable_surveys":false,"_jetpack_memberships_contains_paid_content":false,"footnotes":"","jetpack_publicize_message":"","jetpack_publicize_feature_enabled":true,"jetpack_social_post_already_shared":false,"jetpack_social_options":{"image_generator_settings":{"template":"highway","default_image_id":0,"enabled":false},"version":2}},"categories":[15],"tags":[],"class_list":{"0":"post-44570","1":"post","2":"type-post","3":"status-publish","4":"format-standard","5":"has-post-thumbnail","7":"category-michoacan"},"aioseo_notices":[],"jetpack_publicize_connections":[],"jetpack_featured_media_url":"https:\/\/mediagroup.mx\/wp-content\/uploads\/2023\/06\/WhatsApp-Image-2022-12-15-at-10.50.34-AM-1.jpeg","jetpack_sharing_enabled":true,"_links":{"self":[{"href":"https:\/\/mediagroup.mx\/index.php\/wp-json\/wp\/v2\/posts\/44570","targetHints":{"allow":["GET"]}}],"collection":[{"href":"https:\/\/mediagroup.mx\/index.php\/wp-json\/wp\/v2\/posts"}],"about":[{"href":"https:\/\/mediagroup.mx\/index.php\/wp-json\/wp\/v2\/types\/post"}],"author":[{"embeddable":true,"href":"https:\/\/mediagroup.mx\/index.php\/wp-json\/wp\/v2\/users\/1"}],"replies":[{"embeddable":true,"href":"https:\/\/mediagroup.mx\/index.php\/wp-json\/wp\/v2\/comments?post=44570"}],"version-history":[{"count":0,"href":"https:\/\/mediagroup.mx\/index.php\/wp-json\/wp\/v2\/posts\/44570\/revisions"}],"wp:featuredmedia":[{"embeddable":true,"href":"https:\/\/mediagroup.mx\/index.php\/wp-json\/wp\/v2\/media\/44571"}],"wp:attachment":[{"href":"https:\/\/mediagroup.mx\/index.php\/wp-json\/wp\/v2\/media?parent=44570"}],"wp:term":[{"taxonomy":"category","embeddable":true,"href":"https:\/\/mediagroup.mx\/index.php\/wp-json\/wp\/v2\/categories?post=44570"},{"taxonomy":"post_tag","embeddable":true,"href":"https:\/\/mediagroup.mx\/index.php\/wp-json\/wp\/v2\/tags?post=44570"}],"curies":[{"name":"wp","href":"https:\/\/api.w.org\/{rel}","templated":true}]}}