{"id":44576,"date":"2023-06-26T19:38:40","date_gmt":"2023-06-26T19:38:40","guid":{"rendered":"https:\/\/new.mediagroup.mx\/index.php\/2023\/06\/26\/impulsa-reyes-galindo-acciones-a-favor-de-personas-en-situacion-de-calle\/"},"modified":"2023-06-26T19:38:40","modified_gmt":"2023-06-26T19:38:40","slug":"impulsa-reyes-galindo-acciones-a-favor-de-personas-en-situacion-de-calle","status":"publish","type":"post","link":"https:\/\/mediagroup.mx\/index.php\/2023\/06\/26\/impulsa-reyes-galindo-acciones-a-favor-de-personas-en-situacion-de-calle\/","title":{"rendered":"Impulsa Reyes Galindo acciones a favor de personas en situaci\u00f3n de calle"},"content":{"rendered":"<p style=\"text-align: justify;\">Reyes Galindo Pedraza, diputado por el Distrito 22 de M\u00fagica, present\u00f3 un exhorto para redoblar esfuerzos y acciones para proteger a las personas en situaci\u00f3n de calle en Michoac\u00e1n, durante la temporada invernal.<\/p>\n<p style=\"text-align: justify;\">Ante el pleno del Congreso local, el coordinador parlamentario del Partido del Trabajo, defendi\u00f3 este planteamiento, que aunque legisladores de la oposici\u00f3n votaron en contra, finalmente la mayor\u00eda eligi\u00f3 el bienestar de estas personas con alta vulnerabilidad y fue aprobado durante la sesi\u00f3n de este mi\u00e9rcoles.<\/p>\n<p style=\"text-align: justify;\">\u00abA\u00fan en contra de los votos del PRI, PAN, PRD y PES, las y los legisladores del PT, Morena y PVEM, votamos por la inclusi\u00f3n y el bienestar al que todos los ciudadanos tenemos derecho, porque se generen mejores condiciones para los que menos tienen, porque ese es el lema de nuestro gobierno de la 4T, de la verdadera transformaci\u00f3n\u00bb, expres\u00f3 el diputado local petista.<\/p>\n<p style=\"text-align: justify;\">Agreg\u00f3 que la bancada del Partido del Trabajo continuar\u00e1 proponiendo leyes, acciones y pol\u00edticas p\u00fablicas enfocadas a la atenci\u00f3n de personas en situaci\u00f3n calle, porque \u00abes una causa que es justa y necesaria de emprender; por ello decidimos impulsar una agenda que permita visibilizar la magnitud de la problem\u00e1tica que viven estas personas que han pasado hist\u00f3ricamente desapercibidos a la hora de la elaboraci\u00f3n de la agenda p\u00fablica\u00bb, acot\u00f3.<\/p>\n<p style=\"text-align: justify;\">Por \u00faltimo, Reyes Galindo, agreg\u00f3 que la falta de empat\u00eda social ante la situaci\u00f3n a la que se encuentran expuestas estas personas en el d\u00eda a d\u00eda, debe dejar de ser un problema para la ciudadan\u00eda y las autoridades, contrario a ello, deben sumar esfuerzos para enfocarse en generar una din\u00e1mica y combatir est\u00e1 situaci\u00f3n.<\/p>\n","protected":false},"excerpt":{"rendered":"<p>Reyes Galindo Pedraza, diputado por el Distrito 22 de M\u00fagica, present\u00f3 un exhorto para redoblar esfuerzos y acciones para proteger a las personas en situaci\u00f3n de calle en Michoac\u00e1n, durante la temporada invernal. Ante el pleno del Congreso local, el coordinador parlamentario del Partido del Trabajo, defendi\u00f3 este planteamiento, que aunque legisladores de la oposici\u00f3n [&hellip;]<\/p>\n","protected":false},"author":1,"featured_media":44577,"comment_status":"open","ping_status":"open","sticky":false,"template":"","format":"standard","meta":{"om_disable_all_campaigns":false,"_monsterinsights_skip_tracking":false,"_monsterinsights_sitenote_active":false,"_monsterinsights_sitenote_note":"","_monsterinsights_sitenote_category":0,"_uf_show_specific_survey":0,"_uf_disable_surveys":false,"_jetpack_memberships_contains_paid_content":false,"footnotes":"","jetpack_publicize_message":"","jetpack_publicize_feature_enabled":true,"jetpack_social_post_already_shared":false,"jetpack_social_options":{"image_generator_settings":{"template":"highway","default_image_id":0,"enabled":false},"version":2}},"categories":[15],"tags":[],"class_list":{"0":"post-44576","1":"post","2":"type-post","3":"status-publish","4":"format-standard","5":"has-post-thumbnail","7":"category-michoacan"},"aioseo_notices":[],"jetpack_publicize_connections":[],"jetpack_featured_media_url":"https:\/\/mediagroup.mx\/wp-content\/uploads\/2023\/06\/WhatsApp-Image-2022-12-15-at-2.48.21-PM.jpeg","jetpack_sharing_enabled":true,"_links":{"self":[{"href":"https:\/\/mediagroup.mx\/index.php\/wp-json\/wp\/v2\/posts\/44576","targetHints":{"allow":["GET"]}}],"collection":[{"href":"https:\/\/mediagroup.mx\/index.php\/wp-json\/wp\/v2\/posts"}],"about":[{"href":"https:\/\/mediagroup.mx\/index.php\/wp-json\/wp\/v2\/types\/post"}],"author":[{"embeddable":true,"href":"https:\/\/mediagroup.mx\/index.php\/wp-json\/wp\/v2\/users\/1"}],"replies":[{"embeddable":true,"href":"https:\/\/mediagroup.mx\/index.php\/wp-json\/wp\/v2\/comments?post=44576"}],"version-history":[{"count":0,"href":"https:\/\/mediagroup.mx\/index.php\/wp-json\/wp\/v2\/posts\/44576\/revisions"}],"wp:featuredmedia":[{"embeddable":true,"href":"https:\/\/mediagroup.mx\/index.php\/wp-json\/wp\/v2\/media\/44577"}],"wp:attachment":[{"href":"https:\/\/mediagroup.mx\/index.php\/wp-json\/wp\/v2\/media?parent=44576"}],"wp:term":[{"taxonomy":"category","embeddable":true,"href":"https:\/\/mediagroup.mx\/index.php\/wp-json\/wp\/v2\/categories?post=44576"},{"taxonomy":"post_tag","embeddable":true,"href":"https:\/\/mediagroup.mx\/index.php\/wp-json\/wp\/v2\/tags?post=44576"}],"curies":[{"name":"wp","href":"https:\/\/api.w.org\/{rel}","templated":true}]}}