{"id":44580,"date":"2023-06-26T19:38:40","date_gmt":"2023-06-26T19:38:40","guid":{"rendered":"https:\/\/new.mediagroup.mx\/index.php\/2023\/06\/26\/diputados-estrechan-lazos-de-cooperacion-con-karina-villa-senadora-de-illinois\/"},"modified":"2023-06-26T19:38:40","modified_gmt":"2023-06-26T19:38:40","slug":"diputados-estrechan-lazos-de-cooperacion-con-karina-villa-senadora-de-illinois","status":"publish","type":"post","link":"https:\/\/mediagroup.mx\/index.php\/2023\/06\/26\/diputados-estrechan-lazos-de-cooperacion-con-karina-villa-senadora-de-illinois\/","title":{"rendered":"Diputados estrechan lazos de cooperaci\u00f3n con Karina Villa, senadora de Illinois"},"content":{"rendered":"<p style=\"text-align: justify;\">Para estrechar lazos de cooperaci\u00f3n, diputados de la 75 Legislatura recibieron en el Congreso del Estado a la dem\u00f3crata Karina Villa, senadora por el distrito 25 en el estado de Illinois.<\/p>\n<p style=\"text-align: justify;\">La presidenta de la Mesa Directiva, Julieta Garc\u00eda Zepeda y los integrantes de la Comisi\u00f3n de Migraci\u00f3n, Er\u00e9ndira Isauro y Jes\u00fas Hern\u00e1ndez Pe\u00f1a, realizaron junto con la senadora, un recorrido por las instalaciones de Palacio Legislativo.<\/p>\n<p style=\"text-align: justify;\">En su momento, durante el encuentro, establecieron su compromiso de trabajar a favor de los migrantes michoacanos radicados en Estados Unidos.<\/p>\n<p style=\"text-align: justify;\">La senadora comparti\u00f3 sus ra\u00edces michoacanas, lo que la ha motivado a trabajar a favor de los migrantes, logrando concretar leyes que han permitido la seguridad m\u00e9dica a los mayores de 42 a\u00f1os.<\/p>\n<p style=\"text-align: justify;\">Adem\u00e1s, dijo, tiene el compromiso de impulsar reformas federales que permitan regularizar el estatus migratorio de quienes actualmente laboran all\u00e1, pero que no pueden regresar a sus lugares de origen.<\/p>\n<p style=\"text-align: justify;\">A la visita guiada, se unieron las legisladoras Gabriela C\u00e1zares Blanco y Ma. Belinda Hurtado Mar\u00edn, adem\u00e1s de representantes de clubes migrantes y Pilar Dur\u00e1n, quien se encuentra al frente de la Casa Michoac\u00e1n en Chicago.<\/p>\n<p style=\"text-align: justify;\">Ante ellos, la senadora record\u00f3 que cuando postul\u00f3 su candidatura por el Partido Dem\u00f3crata, siendo mujer y con ra\u00edces mexicanas, fue seriamente criticada, pero que el ser residente del pueblo de West Chicago, lugar a donde lleg\u00f3 su abuelo a trabajar y en donde radican cientos de michoacanos, \u00e9stos se unieron para otorgarle los votos que la llevaron a ocupar su posici\u00f3n en el Senado de Illinois.<\/p>\n<p style=\"text-align: justify;\">Karina Villa, antes de su elecci\u00f3n a la C\u00e1mara de Representantes de Illinois en el a\u00f1o 2018, fue miembro de la Junta de Educaci\u00f3n del Distrito 33 de West Chicago, lugar donde creci\u00f3 con su familia formada por padres migrantes, propietarios de peque\u00f1as empresas en dicha comunidad, con ra\u00edces en Zinap\u00e9cuaro, Michoac\u00e1n.<\/p>\n<p style=\"text-align: justify;\">La senadora ha mostrado inter\u00e9s en temas como derechos laborales y salud de las mujeres; equidad de g\u00e9nero; migrantes y ambiente; y ha legislado sobre derechos de los trabajadores; educaci\u00f3n; pol\u00edtica policial y penitenciaria; derechos LGBTQ+; cannabis; justicia racial; clima y energ\u00eda; atenci\u00f3n m\u00e9dica y aborto.<\/p>\n<p style=\"text-align: justify;\">En materia de inmigraci\u00f3n, impuls\u00f3 reformas para autorizar tutores temporales para los hijos de personas que han sido deportadas.<\/p>\n","protected":false},"excerpt":{"rendered":"<p>Para estrechar lazos de cooperaci\u00f3n, diputados de la 75 Legislatura recibieron en el Congreso del Estado a la dem\u00f3crata Karina Villa, senadora por el distrito 25 en el estado de Illinois. La presidenta de la Mesa Directiva, Julieta Garc\u00eda Zepeda y los integrantes de la Comisi\u00f3n de Migraci\u00f3n, Er\u00e9ndira Isauro y Jes\u00fas Hern\u00e1ndez Pe\u00f1a, realizaron [&hellip;]<\/p>\n","protected":false},"author":1,"featured_media":44581,"comment_status":"open","ping_status":"open","sticky":false,"template":"","format":"standard","meta":{"om_disable_all_campaigns":false,"_monsterinsights_skip_tracking":false,"_monsterinsights_sitenote_active":false,"_monsterinsights_sitenote_note":"","_monsterinsights_sitenote_category":0,"_uf_show_specific_survey":0,"_uf_disable_surveys":false,"_jetpack_memberships_contains_paid_content":false,"footnotes":"","jetpack_publicize_message":"","jetpack_publicize_feature_enabled":true,"jetpack_social_post_already_shared":false,"jetpack_social_options":{"image_generator_settings":{"template":"highway","default_image_id":0,"enabled":false},"version":2}},"categories":[15],"tags":[],"class_list":{"0":"post-44580","1":"post","2":"type-post","3":"status-publish","4":"format-standard","5":"has-post-thumbnail","7":"category-michoacan"},"aioseo_notices":[],"jetpack_publicize_connections":[],"jetpack_featured_media_url":"https:\/\/mediagroup.mx\/wp-content\/uploads\/2023\/06\/WhatsApp-Image-2022-12-16-at-10.32.56-AM.jpeg","jetpack_sharing_enabled":true,"_links":{"self":[{"href":"https:\/\/mediagroup.mx\/index.php\/wp-json\/wp\/v2\/posts\/44580","targetHints":{"allow":["GET"]}}],"collection":[{"href":"https:\/\/mediagroup.mx\/index.php\/wp-json\/wp\/v2\/posts"}],"about":[{"href":"https:\/\/mediagroup.mx\/index.php\/wp-json\/wp\/v2\/types\/post"}],"author":[{"embeddable":true,"href":"https:\/\/mediagroup.mx\/index.php\/wp-json\/wp\/v2\/users\/1"}],"replies":[{"embeddable":true,"href":"https:\/\/mediagroup.mx\/index.php\/wp-json\/wp\/v2\/comments?post=44580"}],"version-history":[{"count":0,"href":"https:\/\/mediagroup.mx\/index.php\/wp-json\/wp\/v2\/posts\/44580\/revisions"}],"wp:featuredmedia":[{"embeddable":true,"href":"https:\/\/mediagroup.mx\/index.php\/wp-json\/wp\/v2\/media\/44581"}],"wp:attachment":[{"href":"https:\/\/mediagroup.mx\/index.php\/wp-json\/wp\/v2\/media?parent=44580"}],"wp:term":[{"taxonomy":"category","embeddable":true,"href":"https:\/\/mediagroup.mx\/index.php\/wp-json\/wp\/v2\/categories?post=44580"},{"taxonomy":"post_tag","embeddable":true,"href":"https:\/\/mediagroup.mx\/index.php\/wp-json\/wp\/v2\/tags?post=44580"}],"curies":[{"name":"wp","href":"https:\/\/api.w.org\/{rel}","templated":true}]}}