{"id":44582,"date":"2023-06-26T19:38:40","date_gmt":"2023-06-26T19:38:40","guid":{"rendered":"https:\/\/new.mediagroup.mx\/index.php\/2023\/06\/26\/instalan-jurado-del-1er-parlamento-de-mujeres-michoacan-2023\/"},"modified":"2023-06-26T19:38:40","modified_gmt":"2023-06-26T19:38:40","slug":"instalan-jurado-del-1er-parlamento-de-mujeres-michoacan-2023","status":"publish","type":"post","link":"https:\/\/mediagroup.mx\/index.php\/2023\/06\/26\/instalan-jurado-del-1er-parlamento-de-mujeres-michoacan-2023\/","title":{"rendered":"Instalan jurado del \u201c1er Parlamento de Mujeres Michoac\u00e1n 2023\u201d"},"content":{"rendered":"<p style=\"text-align: justify;\">De manera formal, la 75 Legislatura de Michoac\u00e1n instal\u00f3 el jurado del \u201c1er Parlamento de Mujeres 2023\u201d y se emiti\u00f3 la convocatoria de participaci\u00f3n correspondiente.<\/p>\n<p style=\"text-align: justify;\">La diputada Er\u00e9ndira Isauro Hern\u00e1ndez, vicepresidenta de la Mesa Directiva del Congreso del Estado, record\u00f3 que esta actividad tiene una mayor importancia, toda vez que la 75 Legislatura est\u00e1 integrada, hist\u00f3ricamente, por mujeres en su mayor\u00eda.<\/p>\n<p style=\"text-align: justify;\">Al respecto, la legisladora Er\u00e9ndira Isauro Hern\u00e1ndez, quien dio el discurso de apertura, manifest\u00f3 que esta actividad marcar\u00e1 un precedente, porque los espacios ser\u00e1n ocupados por 40 mujeres con ideas en favor de las michoacanas.<\/p>\n<p style=\"text-align: justify;\">Se trata, dijo, de asegurar que haya m\u00e1s apertura a que las mujeres participen en la vida p\u00fablica y pol\u00edtica de la entidad.<\/p>\n<p style=\"text-align: justify;\">Por su parte, la diputada Mar\u00eda de la Luz N\u00fa\u00f1ez, presidenta del Comit\u00e9 Organizador y de la Comisi\u00f3n de Igualdad Sustantiva y de G\u00e9nero, se\u00f1al\u00f3 que la vocaci\u00f3n democr\u00e1tica y feminista de esta legislatura, constituye un reto que se debe enfrentar con dignidad, entereza, voluntad y honor.<\/p>\n<p style=\"text-align: justify;\">\u201cLas y los legisladores estamos comprometidos con los principios democr\u00e1ticos de inclusi\u00f3n, apertura, pluralidad, transparencia y participaci\u00f3n ciudadana, por ello es importante mencionar que este Parlamento es fruto de una iniciativa ciudadana que fue acogida por este Congreso en la pasada Legislatura\u201d, a\u00f1adi\u00f3.<\/p>\n<p style=\"text-align: justify;\">N\u00fa\u00f1ez Ramos, detall\u00f3 que este ser\u00e1 un ejercicio de democracia participativa, mismo que permitir\u00e1 ampliar y fortalecer la presencia de las mujeres en el \u00e1mbito pol\u00edtico y social, \u201cno s\u00f3lo es un evento simb\u00f3lico, sino que ayudar\u00e1 a fortalecer la presencia de las mujeres en la vida p\u00fablica y pol\u00edtica de Michoac\u00e1n\u201d.<\/p>\n<p style=\"text-align: justify;\">Por su parte, la diputada Samanta Flores Adame, integrante del Comit\u00e9 Organizador y de la Comisi\u00f3n de Igualdad Sustantiva y de G\u00e9nero, destac\u00f3 que en Michoac\u00e1n las mujeres est\u00e1n en pie de lucha y las convoc\u00f3 a que participen en este Parlamento.<\/p>\n<p style=\"text-align: justify;\">El jurado qued\u00f3 conformado por el diputado Fidel Calder\u00f3n Torreblanca, quien lo presidir\u00e1, y por la Secretaria de Igualdad Sustantiva y Desarrollo de las Mujeres, Tamara Sosa Alan\u00eds; Gabriela S\u00e1nchez Medina, en representaci\u00f3n de la Universidad Michoacana de San Nicol\u00e1s de Hidalgo (UMSNH); Mar\u00eda de Jes\u00fas Garc\u00eda Ram\u00edrez, representante de la Universidad La Salle; Erandi Reyes P\u00e9rez Casado, directora ejecutiva de Educaci\u00f3n C\u00edvica y Participaci\u00f3n Ciudadana del IEM; y Alfonso Arroyo Vel\u00e1zquez y Herlinda \u00c1lvarez Romero, investigadores del Instituto de Investigaciones y Estudios Legislativos.<\/p>\n<p style=\"text-align: justify;\">En ese tenor, el diputado Fidel Calder\u00f3n en su calidad de presidente del jurado, propuso que todas las iniciativas presentadas por las mujeres en este 1er Parlamento, sean tomadas en cuenta para su an\u00e1lisis y discusi\u00f3n en comisiones.<\/p>\n<p style=\"text-align: justify;\">A su vez, la diputada Adriana Hern\u00e1ndez \u00cd\u00f1iguez, integrante del Comit\u00e9 Organizador, extern\u00f3 que el trabajo que se ha realizado para llevar a cabo este Parlamento ha sido plural, sin tintes ni colores partidistas, con la \u00fanica intenci\u00f3n de trabajar en favor de las mujeres michoacanas.<\/p>\n<p style=\"text-align: justify;\">De igual forma, destac\u00f3 que la participaci\u00f3n pol\u00edtica de las mujeres resulta primordial para los avances en el Estado; de ah\u00ed que se trabaje cada d\u00eda por hacer que sus voces sean escuchadas.<\/p>\n","protected":false},"excerpt":{"rendered":"<p>De manera formal, la 75 Legislatura de Michoac\u00e1n instal\u00f3 el jurado del \u201c1er Parlamento de Mujeres 2023\u201d y se emiti\u00f3 la convocatoria de participaci\u00f3n correspondiente. La diputada Er\u00e9ndira Isauro Hern\u00e1ndez, vicepresidenta de la Mesa Directiva del Congreso del Estado, record\u00f3 que esta actividad tiene una mayor importancia, toda vez que la 75 Legislatura est\u00e1 integrada, [&hellip;]<\/p>\n","protected":false},"author":1,"featured_media":44583,"comment_status":"open","ping_status":"open","sticky":false,"template":"","format":"standard","meta":{"om_disable_all_campaigns":false,"_monsterinsights_skip_tracking":false,"_monsterinsights_sitenote_active":false,"_monsterinsights_sitenote_note":"","_monsterinsights_sitenote_category":0,"_uf_show_specific_survey":0,"_uf_disable_surveys":false,"_jetpack_memberships_contains_paid_content":false,"footnotes":"","jetpack_publicize_message":"","jetpack_publicize_feature_enabled":true,"jetpack_social_post_already_shared":false,"jetpack_social_options":{"image_generator_settings":{"template":"highway","default_image_id":0,"enabled":false},"version":2}},"categories":[15],"tags":[],"class_list":{"0":"post-44582","1":"post","2":"type-post","3":"status-publish","4":"format-standard","5":"has-post-thumbnail","7":"category-michoacan"},"aioseo_notices":[],"jetpack_publicize_connections":[],"jetpack_featured_media_url":"https:\/\/mediagroup.mx\/wp-content\/uploads\/2023\/06\/WhatsApp-Image-2022-12-16-at-3.25.20-PM.jpeg","jetpack_sharing_enabled":true,"_links":{"self":[{"href":"https:\/\/mediagroup.mx\/index.php\/wp-json\/wp\/v2\/posts\/44582","targetHints":{"allow":["GET"]}}],"collection":[{"href":"https:\/\/mediagroup.mx\/index.php\/wp-json\/wp\/v2\/posts"}],"about":[{"href":"https:\/\/mediagroup.mx\/index.php\/wp-json\/wp\/v2\/types\/post"}],"author":[{"embeddable":true,"href":"https:\/\/mediagroup.mx\/index.php\/wp-json\/wp\/v2\/users\/1"}],"replies":[{"embeddable":true,"href":"https:\/\/mediagroup.mx\/index.php\/wp-json\/wp\/v2\/comments?post=44582"}],"version-history":[{"count":0,"href":"https:\/\/mediagroup.mx\/index.php\/wp-json\/wp\/v2\/posts\/44582\/revisions"}],"wp:featuredmedia":[{"embeddable":true,"href":"https:\/\/mediagroup.mx\/index.php\/wp-json\/wp\/v2\/media\/44583"}],"wp:attachment":[{"href":"https:\/\/mediagroup.mx\/index.php\/wp-json\/wp\/v2\/media?parent=44582"}],"wp:term":[{"taxonomy":"category","embeddable":true,"href":"https:\/\/mediagroup.mx\/index.php\/wp-json\/wp\/v2\/categories?post=44582"},{"taxonomy":"post_tag","embeddable":true,"href":"https:\/\/mediagroup.mx\/index.php\/wp-json\/wp\/v2\/tags?post=44582"}],"curies":[{"name":"wp","href":"https:\/\/api.w.org\/{rel}","templated":true}]}}