{"id":44590,"date":"2023-06-26T19:38:40","date_gmt":"2023-06-26T19:38:40","guid":{"rendered":"https:\/\/new.mediagroup.mx\/index.php\/2023\/06\/26\/en-mexico-la-razon-de-la-legalidad-debe-ser-siempre-la-que-impere-monica-valdez\/"},"modified":"2023-06-26T19:38:40","modified_gmt":"2023-06-26T19:38:40","slug":"en-mexico-la-razon-de-la-legalidad-debe-ser-siempre-la-que-impere-monica-valdez","status":"publish","type":"post","link":"https:\/\/mediagroup.mx\/index.php\/2023\/06\/26\/en-mexico-la-razon-de-la-legalidad-debe-ser-siempre-la-que-impere-monica-valdez\/","title":{"rendered":"En M\u00e9xico la raz\u00f3n de la legalidad debe ser siempre la que impere: M\u00f3nica Valdez"},"content":{"rendered":"<p style=\"text-align: justify;\">En M\u00e9xico la raz\u00f3n de la justicia y la legalidad deber ser siempre la que impere, sobre todo en quienes desempe\u00f1an una responsabilidad p\u00fablica, recalc\u00f3 la diputada M\u00f3nica Valdez Pulido, integrante del Grupo Parlamentario del Partido de la Revoluci\u00f3n Democr\u00e1tica en la LXXV Legislatura del Congreso del Estado.<\/p>\n<p style=\"text-align: justify;\">La diputada por el Distrito de Zacapu recalc\u00f3 que en nuestro pa\u00eds como en Michoac\u00e1n, deben redoblarse esfuerzos por generar una cultura de la legalidad, partiendo de la premisa de que qui\u00e9n infringe la norma responda ante la Ley por la responsabilidad que ello genere.<\/p>\n<p style=\"text-align: justify;\">\u201cLa apuesta de las instituciones debe ser por la justicia y la legalidad, esa es la exigencia social que debe atenderse por todo aqu\u00e9l que desempe\u00f1a una responsabilidad p\u00fablica, pues ello es condici\u00f3n necesaria para generar certeza sobre el accionar en la funci\u00f3n p\u00fablica\u201d.<\/p>\n<p style=\"text-align: justify;\">M\u00f3nica Valdez record\u00f3 que es responsabilidad del Estado Mexicano, sus instituciones y autoridades cumplir con nuestro marco normativo, y en el caso de la comisi\u00f3n de un delito la premisa central es la justicia y que aqu\u00e9l que infringe la Ley asuma su responsabilidad.<\/p>\n<p style=\"text-align: justify;\">\u201cLamentablemente observamos que la cultura de la legalidad y la raz\u00f3n de la justicia parecen no permear en cada punto, y rinc\u00f3n de los engranajes que conforman y dan vida a la acci\u00f3n gubernamental, por lo que es imperioso ahondar los esfuerzos para que esto ocurra\u201d.<\/p>\n<p style=\"text-align: justify;\">Destac\u00f3 que en nuestro pa\u00eds ha faltado determinaci\u00f3n por hacer efectivo un desempe\u00f1o pulcro, transparente, efectivo y basado en la rectitud de quienes ejercen una tarea p\u00fablica, de manera que las disposiciones normativas que se han venido generando desde el \u00e1mbito legislativo encuentren reflejo palpable en la realidad.<\/p>\n","protected":false},"excerpt":{"rendered":"<p>En M\u00e9xico la raz\u00f3n de la justicia y la legalidad deber ser siempre la que impere, sobre todo en quienes desempe\u00f1an una responsabilidad p\u00fablica, recalc\u00f3 la diputada M\u00f3nica Valdez Pulido, integrante del Grupo Parlamentario del Partido de la Revoluci\u00f3n Democr\u00e1tica en la LXXV Legislatura del Congreso del Estado. La diputada por el Distrito de Zacapu [&hellip;]<\/p>\n","protected":false},"author":1,"featured_media":44591,"comment_status":"open","ping_status":"open","sticky":false,"template":"","format":"standard","meta":{"om_disable_all_campaigns":false,"_monsterinsights_skip_tracking":false,"_monsterinsights_sitenote_active":false,"_monsterinsights_sitenote_note":"","_monsterinsights_sitenote_category":0,"_uf_show_specific_survey":0,"_uf_disable_surveys":false,"_jetpack_memberships_contains_paid_content":false,"footnotes":"","jetpack_publicize_message":"","jetpack_publicize_feature_enabled":true,"jetpack_social_post_already_shared":false,"jetpack_social_options":{"image_generator_settings":{"template":"highway","default_image_id":0,"enabled":false},"version":2}},"categories":[15],"tags":[],"class_list":{"0":"post-44590","1":"post","2":"type-post","3":"status-publish","4":"format-standard","5":"has-post-thumbnail","7":"category-michoacan"},"aioseo_notices":[],"jetpack_publicize_connections":[],"jetpack_featured_media_url":"https:\/\/mediagroup.mx\/wp-content\/uploads\/2023\/06\/WhatsApp-Image-2022-12-20-at-12.17.52-PM.jpeg","jetpack_sharing_enabled":true,"_links":{"self":[{"href":"https:\/\/mediagroup.mx\/index.php\/wp-json\/wp\/v2\/posts\/44590","targetHints":{"allow":["GET"]}}],"collection":[{"href":"https:\/\/mediagroup.mx\/index.php\/wp-json\/wp\/v2\/posts"}],"about":[{"href":"https:\/\/mediagroup.mx\/index.php\/wp-json\/wp\/v2\/types\/post"}],"author":[{"embeddable":true,"href":"https:\/\/mediagroup.mx\/index.php\/wp-json\/wp\/v2\/users\/1"}],"replies":[{"embeddable":true,"href":"https:\/\/mediagroup.mx\/index.php\/wp-json\/wp\/v2\/comments?post=44590"}],"version-history":[{"count":0,"href":"https:\/\/mediagroup.mx\/index.php\/wp-json\/wp\/v2\/posts\/44590\/revisions"}],"wp:featuredmedia":[{"embeddable":true,"href":"https:\/\/mediagroup.mx\/index.php\/wp-json\/wp\/v2\/media\/44591"}],"wp:attachment":[{"href":"https:\/\/mediagroup.mx\/index.php\/wp-json\/wp\/v2\/media?parent=44590"}],"wp:term":[{"taxonomy":"category","embeddable":true,"href":"https:\/\/mediagroup.mx\/index.php\/wp-json\/wp\/v2\/categories?post=44590"},{"taxonomy":"post_tag","embeddable":true,"href":"https:\/\/mediagroup.mx\/index.php\/wp-json\/wp\/v2\/tags?post=44590"}],"curies":[{"name":"wp","href":"https:\/\/api.w.org\/{rel}","templated":true}]}}