{"id":44604,"date":"2023-06-26T19:38:40","date_gmt":"2023-06-26T19:38:40","guid":{"rendered":"https:\/\/new.mediagroup.mx\/index.php\/2023\/06\/26\/reestructura-75-legislatura-mesa-directiva-y-comisiones-de-dictamen\/"},"modified":"2023-06-26T19:38:40","modified_gmt":"2023-06-26T19:38:40","slug":"reestructura-75-legislatura-mesa-directiva-y-comisiones-de-dictamen","status":"publish","type":"post","link":"https:\/\/mediagroup.mx\/index.php\/2023\/06\/26\/reestructura-75-legislatura-mesa-directiva-y-comisiones-de-dictamen\/","title":{"rendered":"Reestructura 75 Legislatura Mesa Directiva y Comisiones de Dictamen"},"content":{"rendered":"<p style=\"text-align: justify;\">En Sesi\u00f3n Extraordinaria, el Pleno del Poder Legislativo determin\u00f3 reestructurar la Mesa Directiva y de las comisiones de dictamen de Derechos Ind\u00edgenas y Afromexicanos; de Puntos Constitucionales; y de Salud y Asistencia Social del Congreso del Estado.<\/p>\n<p style=\"text-align: justify;\">Con dicha reestructuraci\u00f3n, la Mesa Directiva qued\u00f3 presidida por la diputada Julieta Garc\u00eda Zepeda; como vicepresidenta, Er\u00e9ndira Isauro Hern\u00e1ndez y, en la primera secretar\u00eda, Daniela de los Santos Torres; en la segunda secretar\u00eda, Alejandra Hern\u00e1ndez Morales y, en la tercera secretar\u00eda, Ana Belinda Hurtado Mar\u00edn.<\/p>\n<p style=\"text-align: justify;\">Derivado de la modificaci\u00f3n, la Comisi\u00f3n de Derechos Ind\u00edgenas y Afromexicanos ser\u00e1 presidida por la diputada Brenda Fabiola Fraga Guti\u00e9rrez, e integrada por los legisladores Felipe Contreras Correa y M\u00f3nica Lariza P\u00e9rez Campos.<\/p>\n<p style=\"text-align: justify;\">Respecto a la Comisi\u00f3n de Puntos Constitucionales, ser\u00e1 presidida por la diputada Fernanda \u00c1lvarez Mendoza, y ser\u00e1 integrada por las legisladoras Gloria Tapia Reyes, M\u00f3nica Valdez Pulido y Brenda Fraga Guti\u00e9rrez.<\/p>\n<p style=\"text-align: justify;\">Finalmente, la Comisi\u00f3n de Salud y Asistencia Social tendr\u00e1 como presidenta a la diputada Roc\u00edo Beamonte Romero, y como integrantes a las diputadas Julieta Garc\u00eda Zepeda, M\u00f3nica P\u00e9rez Campos, Brenda Fraga Guti\u00e9rrez y Luz Mar\u00eda Garc\u00eda Garc\u00eda.<\/p>\n","protected":false},"excerpt":{"rendered":"<p>En Sesi\u00f3n Extraordinaria, el Pleno del Poder Legislativo determin\u00f3 reestructurar la Mesa Directiva y de las comisiones de dictamen de Derechos Ind\u00edgenas y Afromexicanos; de Puntos Constitucionales; y de Salud y Asistencia Social del Congreso del Estado. Con dicha reestructuraci\u00f3n, la Mesa Directiva qued\u00f3 presidida por la diputada Julieta Garc\u00eda Zepeda; como vicepresidenta, Er\u00e9ndira Isauro [&hellip;]<\/p>\n","protected":false},"author":1,"featured_media":44605,"comment_status":"open","ping_status":"open","sticky":false,"template":"","format":"standard","meta":{"om_disable_all_campaigns":false,"_monsterinsights_skip_tracking":false,"_monsterinsights_sitenote_active":false,"_monsterinsights_sitenote_note":"","_monsterinsights_sitenote_category":0,"_uf_show_specific_survey":0,"_uf_disable_surveys":false,"_jetpack_memberships_contains_paid_content":false,"footnotes":"","jetpack_publicize_message":"","jetpack_publicize_feature_enabled":true,"jetpack_social_post_already_shared":false,"jetpack_social_options":{"image_generator_settings":{"template":"highway","default_image_id":0,"enabled":false},"version":2}},"categories":[15],"tags":[],"class_list":{"0":"post-44604","1":"post","2":"type-post","3":"status-publish","4":"format-standard","5":"has-post-thumbnail","7":"category-michoacan"},"aioseo_notices":[],"jetpack_publicize_connections":[],"jetpack_featured_media_url":"https:\/\/mediagroup.mx\/wp-content\/uploads\/2023\/06\/WhatsApp-Image-2022-12-22-at-1.06.03-PM.jpeg","jetpack_sharing_enabled":true,"_links":{"self":[{"href":"https:\/\/mediagroup.mx\/index.php\/wp-json\/wp\/v2\/posts\/44604","targetHints":{"allow":["GET"]}}],"collection":[{"href":"https:\/\/mediagroup.mx\/index.php\/wp-json\/wp\/v2\/posts"}],"about":[{"href":"https:\/\/mediagroup.mx\/index.php\/wp-json\/wp\/v2\/types\/post"}],"author":[{"embeddable":true,"href":"https:\/\/mediagroup.mx\/index.php\/wp-json\/wp\/v2\/users\/1"}],"replies":[{"embeddable":true,"href":"https:\/\/mediagroup.mx\/index.php\/wp-json\/wp\/v2\/comments?post=44604"}],"version-history":[{"count":0,"href":"https:\/\/mediagroup.mx\/index.php\/wp-json\/wp\/v2\/posts\/44604\/revisions"}],"wp:featuredmedia":[{"embeddable":true,"href":"https:\/\/mediagroup.mx\/index.php\/wp-json\/wp\/v2\/media\/44605"}],"wp:attachment":[{"href":"https:\/\/mediagroup.mx\/index.php\/wp-json\/wp\/v2\/media?parent=44604"}],"wp:term":[{"taxonomy":"category","embeddable":true,"href":"https:\/\/mediagroup.mx\/index.php\/wp-json\/wp\/v2\/categories?post=44604"},{"taxonomy":"post_tag","embeddable":true,"href":"https:\/\/mediagroup.mx\/index.php\/wp-json\/wp\/v2\/tags?post=44604"}],"curies":[{"name":"wp","href":"https:\/\/api.w.org\/{rel}","templated":true}]}}