{"id":44612,"date":"2023-06-26T19:38:58","date_gmt":"2023-06-26T19:38:58","guid":{"rendered":"https:\/\/new.mediagroup.mx\/index.php\/2023\/06\/26\/en-michoacan-garantizado-un-presupuesto-inclusivo-para-2023-victor-zurita\/"},"modified":"2023-06-26T19:38:58","modified_gmt":"2023-06-26T19:38:58","slug":"en-michoacan-garantizado-un-presupuesto-inclusivo-para-2023-victor-zurita","status":"publish","type":"post","link":"https:\/\/mediagroup.mx\/index.php\/2023\/06\/26\/en-michoacan-garantizado-un-presupuesto-inclusivo-para-2023-victor-zurita\/","title":{"rendered":"En Michoac\u00e1n, garantizado un presupuesto inclusivo para 2023: V\u00edctor Zurita"},"content":{"rendered":"<p style=\"text-align: justify;\">En Michoac\u00e1n, ha quedado garantizado un presupuesto estatal con visi\u00f3n inclusiva para el 2023, subray\u00f3 el diputado V\u00edctor Zurita Ortiz, presidente de la Comisi\u00f3n Especial de Atenci\u00f3n a Personas con Discapacidad de la LXXV Legislatura del Congreso del Estado.<\/p>\n<p style=\"text-align: justify;\">El diputado integrante del Grupo Parlamentario de Morena destac\u00f3 que en el Presupuesto de Egresos del Estado para el Ejercicio Fiscal 2023, aprobado por el Congreso a iniciativa del Ejecutivo Estatal, se garantiza la viabilidad financiera para los Programas de Bienestar Social como la Pensi\u00f3n para Personas de 30 a 64 a\u00f1os con Discapacidad.<\/p>\n<p style=\"text-align: justify;\">\u201cEn la aprobaci\u00f3n presupuestal, el Legislativo ha brindado su respaldo al Ejecutivo con medidas promueven el pleno ejercicio de los derechos humanos y libertades fundamentales de las personas con discapacidad, asegurando su inclusi\u00f3n a la sociedad en un marco de respeto e igualdad de oportunidades\u201d.<\/p>\n<p style=\"text-align: justify;\">V\u00edctor Zurita record\u00f3 que esta pensi\u00f3n contribuye a mejorar la calidad de vida, el bienestar social y la igualdad de las personas con discapacidad permanente en situaci\u00f3n de vulnerabilidad a trav\u00e9s del otorgamiento de una pensi\u00f3n para quienes tienen entre 30 y 64 a\u00f1os de edad.<\/p>\n<p style=\"text-align: justify;\">\u201cNo debemos olvidar que Michoac\u00e1n, se encuentra por encima de la media de personas con discapacidad a nivel nacional, por lo que Pensiones como \u00e9sta dignifican la vida de este sector de la poblaci\u00f3n, mediante un mejoramiento de su ingreso monetario en sus hogares, as\u00ed como aminorando las barreras que impiden el pleno goce de sus derechos fundamentales\u201d.<\/p>\n<p style=\"text-align: justify;\">Record\u00f3 que en 2022 los gobiernos Federal y Estatal, con una inversi\u00f3n bipartita por 140 millones de pesos, operaron de manera exitosa en Michoac\u00e1n este importante programa que sin duda, era un pendiente hist\u00f3rico para las personas con discapacidad.<\/p>\n","protected":false},"excerpt":{"rendered":"<p>En Michoac\u00e1n, ha quedado garantizado un presupuesto estatal con visi\u00f3n inclusiva para el 2023, subray\u00f3 el diputado V\u00edctor Zurita Ortiz, presidente de la Comisi\u00f3n Especial de Atenci\u00f3n a Personas con Discapacidad de la LXXV Legislatura del Congreso del Estado. El diputado integrante del Grupo Parlamentario de Morena destac\u00f3 que en el Presupuesto de Egresos del [&hellip;]<\/p>\n","protected":false},"author":1,"featured_media":44613,"comment_status":"open","ping_status":"open","sticky":false,"template":"","format":"standard","meta":{"om_disable_all_campaigns":false,"_monsterinsights_skip_tracking":false,"_monsterinsights_sitenote_active":false,"_monsterinsights_sitenote_note":"","_monsterinsights_sitenote_category":0,"_uf_show_specific_survey":0,"_uf_disable_surveys":false,"_jetpack_memberships_contains_paid_content":false,"footnotes":"","jetpack_publicize_message":"","jetpack_publicize_feature_enabled":true,"jetpack_social_post_already_shared":false,"jetpack_social_options":{"image_generator_settings":{"template":"highway","default_image_id":0,"enabled":false},"version":2}},"categories":[15],"tags":[],"class_list":{"0":"post-44612","1":"post","2":"type-post","3":"status-publish","4":"format-standard","5":"has-post-thumbnail","7":"category-michoacan"},"aioseo_notices":[],"jetpack_publicize_connections":[],"jetpack_featured_media_url":"https:\/\/mediagroup.mx\/wp-content\/uploads\/2023\/06\/WhatsApp-Image-2022-12-23-at-12.13.35-PM-2.jpeg","jetpack_sharing_enabled":true,"_links":{"self":[{"href":"https:\/\/mediagroup.mx\/index.php\/wp-json\/wp\/v2\/posts\/44612","targetHints":{"allow":["GET"]}}],"collection":[{"href":"https:\/\/mediagroup.mx\/index.php\/wp-json\/wp\/v2\/posts"}],"about":[{"href":"https:\/\/mediagroup.mx\/index.php\/wp-json\/wp\/v2\/types\/post"}],"author":[{"embeddable":true,"href":"https:\/\/mediagroup.mx\/index.php\/wp-json\/wp\/v2\/users\/1"}],"replies":[{"embeddable":true,"href":"https:\/\/mediagroup.mx\/index.php\/wp-json\/wp\/v2\/comments?post=44612"}],"version-history":[{"count":0,"href":"https:\/\/mediagroup.mx\/index.php\/wp-json\/wp\/v2\/posts\/44612\/revisions"}],"wp:featuredmedia":[{"embeddable":true,"href":"https:\/\/mediagroup.mx\/index.php\/wp-json\/wp\/v2\/media\/44613"}],"wp:attachment":[{"href":"https:\/\/mediagroup.mx\/index.php\/wp-json\/wp\/v2\/media?parent=44612"}],"wp:term":[{"taxonomy":"category","embeddable":true,"href":"https:\/\/mediagroup.mx\/index.php\/wp-json\/wp\/v2\/categories?post=44612"},{"taxonomy":"post_tag","embeddable":true,"href":"https:\/\/mediagroup.mx\/index.php\/wp-json\/wp\/v2\/tags?post=44612"}],"curies":[{"name":"wp","href":"https:\/\/api.w.org\/{rel}","templated":true}]}}