{"id":44704,"date":"2023-06-26T19:39:39","date_gmt":"2023-06-26T19:39:39","guid":{"rendered":"https:\/\/new.mediagroup.mx\/index.php\/2023\/06\/26\/supervisa-alfonso-martinez-pavimentacion-de-importante-avenida-en-ciudad-industrial\/"},"modified":"2023-06-26T19:39:39","modified_gmt":"2023-06-26T19:39:39","slug":"supervisa-alfonso-martinez-pavimentacion-de-importante-avenida-en-ciudad-industrial","status":"publish","type":"post","link":"https:\/\/mediagroup.mx\/index.php\/2023\/06\/26\/supervisa-alfonso-martinez-pavimentacion-de-importante-avenida-en-ciudad-industrial\/","title":{"rendered":"Supervisa Alfonso Mart\u00ednez pavimentaci\u00f3n de importante avenida en Ciudad Industrial"},"content":{"rendered":"<p style=\"text-align: justify;\">El presidente municipal, Alfonso Mart\u00ednez Alc\u00e1zar, supervis\u00f3 este mi\u00e9rcoles la pavimentaci\u00f3n de la avenida lateral Maestro Rub\u00e9n Valencia Cort\u00e9s, en Ciudad Industrial, que se realiz\u00f3 con una inversi\u00f3n de 10 millones de pesos.<\/p>\n<p style=\"text-align: justify;\">Se trata de una destacada zona econ\u00f3mica del Norte de la ciudad, una vialidad por la que circulan veh\u00edculos de carga pesada, transporte p\u00fablico, as\u00ed como padres y madres de familia que llevan a sus hijos e hijas a escuela.<\/p>\n<p style=\"text-align: justify;\">Adem\u00e1s, Ciudad Industrial es una importante zona econ\u00f3mica de la capital, ya que genera econom\u00eda y empleos por la cantidad de empresas que se concentran en esa zona, la cual se ha vuelto una de las prioridades del alcalde.<\/p>\n<p>Por: Jes\u00fas Gonz\u00e1lez<\/p>\n","protected":false},"excerpt":{"rendered":"<p>El presidente municipal, Alfonso Mart\u00ednez Alc\u00e1zar, supervis\u00f3 este mi\u00e9rcoles la pavimentaci\u00f3n de la avenida lateral Maestro Rub\u00e9n Valencia Cort\u00e9s, en Ciudad Industrial, que se realiz\u00f3 con una inversi\u00f3n de 10 millones de pesos. Se trata de una destacada zona econ\u00f3mica del Norte de la ciudad, una vialidad por la que circulan veh\u00edculos de carga pesada, [&hellip;]<\/p>\n","protected":false},"author":1,"featured_media":44705,"comment_status":"open","ping_status":"open","sticky":false,"template":"","format":"standard","meta":{"om_disable_all_campaigns":false,"_monsterinsights_skip_tracking":false,"_monsterinsights_sitenote_active":false,"_monsterinsights_sitenote_note":"","_monsterinsights_sitenote_category":0,"_uf_show_specific_survey":0,"_uf_disable_surveys":false,"_jetpack_memberships_contains_paid_content":false,"footnotes":"","jetpack_publicize_message":"","jetpack_publicize_feature_enabled":true,"jetpack_social_post_already_shared":false,"jetpack_social_options":{"image_generator_settings":{"template":"highway","default_image_id":0,"enabled":false},"version":2}},"categories":[17],"tags":[],"class_list":{"0":"post-44704","1":"post","2":"type-post","3":"status-publish","4":"format-standard","5":"has-post-thumbnail","7":"category-morelia"},"aioseo_notices":[],"jetpack_publicize_connections":[],"jetpack_featured_media_url":"https:\/\/mediagroup.mx\/wp-content\/uploads\/2023\/06\/WhatsApp-Image-2023-01-05-at-2.29.02-PM.jpeg","jetpack_sharing_enabled":true,"_links":{"self":[{"href":"https:\/\/mediagroup.mx\/index.php\/wp-json\/wp\/v2\/posts\/44704","targetHints":{"allow":["GET"]}}],"collection":[{"href":"https:\/\/mediagroup.mx\/index.php\/wp-json\/wp\/v2\/posts"}],"about":[{"href":"https:\/\/mediagroup.mx\/index.php\/wp-json\/wp\/v2\/types\/post"}],"author":[{"embeddable":true,"href":"https:\/\/mediagroup.mx\/index.php\/wp-json\/wp\/v2\/users\/1"}],"replies":[{"embeddable":true,"href":"https:\/\/mediagroup.mx\/index.php\/wp-json\/wp\/v2\/comments?post=44704"}],"version-history":[{"count":0,"href":"https:\/\/mediagroup.mx\/index.php\/wp-json\/wp\/v2\/posts\/44704\/revisions"}],"wp:featuredmedia":[{"embeddable":true,"href":"https:\/\/mediagroup.mx\/index.php\/wp-json\/wp\/v2\/media\/44705"}],"wp:attachment":[{"href":"https:\/\/mediagroup.mx\/index.php\/wp-json\/wp\/v2\/media?parent=44704"}],"wp:term":[{"taxonomy":"category","embeddable":true,"href":"https:\/\/mediagroup.mx\/index.php\/wp-json\/wp\/v2\/categories?post=44704"},{"taxonomy":"post_tag","embeddable":true,"href":"https:\/\/mediagroup.mx\/index.php\/wp-json\/wp\/v2\/tags?post=44704"}],"curies":[{"name":"wp","href":"https:\/\/api.w.org\/{rel}","templated":true}]}}