{"id":44710,"date":"2023-06-26T19:39:39","date_gmt":"2023-06-26T19:39:39","guid":{"rendered":"https:\/\/new.mediagroup.mx\/index.php\/2023\/06\/26\/no-habra-fortapaz-para-municipios-que-no-esten-al-corriente-con-el-pago-del-impuesto-a-la-nomina-luis-navarro\/"},"modified":"2023-06-26T19:39:39","modified_gmt":"2023-06-26T19:39:39","slug":"no-habra-fortapaz-para-municipios-que-no-esten-al-corriente-con-el-pago-del-impuesto-a-la-nomina-luis-navarro","status":"publish","type":"post","link":"https:\/\/mediagroup.mx\/index.php\/2023\/06\/26\/no-habra-fortapaz-para-municipios-que-no-esten-al-corriente-con-el-pago-del-impuesto-a-la-nomina-luis-navarro\/","title":{"rendered":"No habr\u00e1 Fortapaz para municipios que no est\u00e9n al corriente con el pago del impuesto a la n\u00f3mina: Luis Navarro"},"content":{"rendered":"<p style=\"text-align: justify;\">El secretario de Administraci\u00f3n y Finanzas del estado, Luis Navarro Garc\u00eda, advirti\u00f3 que el ejecutivo estatal no permitir\u00e1 participar en el Fortapaz a los municipios que tengan adeudos por el pago del impuesto del 3 por ciento a la n\u00f3mina.<\/p>\n<p style=\"text-align: justify;\">De acuerdo al funcionario, si bien algunos municipios arrastran adeudos heredados, durante el 2022 se \u201cperdon\u00f3\u201d que los Ayuntamientos no cumplieran con el pago del impuesto a la n\u00f3mina, sin embargo, para este ejercicio fiscal, no se permitir\u00e1 que los mismos participen en el Fondo para la Seguridad y la Paz si no est\u00e1n al corriente con dicha contribuci\u00f3n.<\/p>\n<p style=\"text-align: justify;\">\u201cEs un tema de irnos poniendo en cintura. Si queremos tener m\u00e1s recursos y programas en el tema de seguridad necesitamos que nos cueste a todos\u201d, manifest\u00f3 Luis Navarro.<\/p>\n<p>Por: Oscar Mendoza<\/p>\n","protected":false},"excerpt":{"rendered":"<p>El secretario de Administraci\u00f3n y Finanzas del estado, Luis Navarro Garc\u00eda, advirti\u00f3 que el ejecutivo estatal no permitir\u00e1 participar en el Fortapaz a los municipios que tengan adeudos por el pago del impuesto del 3 por ciento a la n\u00f3mina. De acuerdo al funcionario, si bien algunos municipios arrastran adeudos heredados, durante el 2022 se [&hellip;]<\/p>\n","protected":false},"author":1,"featured_media":44711,"comment_status":"open","ping_status":"open","sticky":false,"template":"","format":"standard","meta":{"om_disable_all_campaigns":false,"_monsterinsights_skip_tracking":false,"_monsterinsights_sitenote_active":false,"_monsterinsights_sitenote_note":"","_monsterinsights_sitenote_category":0,"_uf_show_specific_survey":0,"_uf_disable_surveys":false,"_jetpack_memberships_contains_paid_content":false,"footnotes":"","jetpack_publicize_message":"","jetpack_publicize_feature_enabled":true,"jetpack_social_post_already_shared":false,"jetpack_social_options":{"image_generator_settings":{"template":"highway","default_image_id":0,"enabled":false},"version":2}},"categories":[15],"tags":[],"class_list":{"0":"post-44710","1":"post","2":"type-post","3":"status-publish","4":"format-standard","5":"has-post-thumbnail","7":"category-michoacan"},"aioseo_notices":[],"jetpack_publicize_connections":[],"jetpack_featured_media_url":"https:\/\/mediagroup.mx\/wp-content\/uploads\/2023\/06\/310086767_525650542895333_7862798832753610286_n.jpeg","jetpack_sharing_enabled":true,"_links":{"self":[{"href":"https:\/\/mediagroup.mx\/index.php\/wp-json\/wp\/v2\/posts\/44710","targetHints":{"allow":["GET"]}}],"collection":[{"href":"https:\/\/mediagroup.mx\/index.php\/wp-json\/wp\/v2\/posts"}],"about":[{"href":"https:\/\/mediagroup.mx\/index.php\/wp-json\/wp\/v2\/types\/post"}],"author":[{"embeddable":true,"href":"https:\/\/mediagroup.mx\/index.php\/wp-json\/wp\/v2\/users\/1"}],"replies":[{"embeddable":true,"href":"https:\/\/mediagroup.mx\/index.php\/wp-json\/wp\/v2\/comments?post=44710"}],"version-history":[{"count":0,"href":"https:\/\/mediagroup.mx\/index.php\/wp-json\/wp\/v2\/posts\/44710\/revisions"}],"wp:featuredmedia":[{"embeddable":true,"href":"https:\/\/mediagroup.mx\/index.php\/wp-json\/wp\/v2\/media\/44711"}],"wp:attachment":[{"href":"https:\/\/mediagroup.mx\/index.php\/wp-json\/wp\/v2\/media?parent=44710"}],"wp:term":[{"taxonomy":"category","embeddable":true,"href":"https:\/\/mediagroup.mx\/index.php\/wp-json\/wp\/v2\/categories?post=44710"},{"taxonomy":"post_tag","embeddable":true,"href":"https:\/\/mediagroup.mx\/index.php\/wp-json\/wp\/v2\/tags?post=44710"}],"curies":[{"name":"wp","href":"https:\/\/api.w.org\/{rel}","templated":true}]}}