{"id":44736,"date":"2023-06-26T19:40:01","date_gmt":"2023-06-26T19:40:01","guid":{"rendered":"https:\/\/new.mediagroup.mx\/index.php\/2023\/06\/26\/asi-fue-el-accidente-en-el-metro-de-la-cdmx\/"},"modified":"2023-06-26T19:40:01","modified_gmt":"2023-06-26T19:40:01","slug":"asi-fue-el-accidente-en-el-metro-de-la-cdmx","status":"publish","type":"post","link":"https:\/\/mediagroup.mx\/index.php\/2023\/06\/26\/asi-fue-el-accidente-en-el-metro-de-la-cdmx\/","title":{"rendered":"As\u00ed fue el accidente en el Metro de la CdMx"},"content":{"rendered":"<p>Cerca de las 10 de la ma\u00f1ana, <b>se dio a conocer la noticia de un percance entre las estaciones de La Raza y Potrero<\/b>, correspondientes a la L\u00ednea 3. Se supo que un par de trenes chocaron, dejando al menos una decena de heridos.<\/p>\n<p>Aunque la informaci\u00f3n de ha dado a cuentagotas de parte de las autoridades, <b>comenzaron a salir a la luz videos en redes sociales <\/b>que demuestran la gravedad del accidente en el Metro de la Ciudad de M\u00e9xico.<\/p>\n<p>En las <a href=\"https:\/\/twitter.com\/azucenau\/status\/1611754447046152192?s=46&amp;t=7D7oWyTR5b4X7Q5RKguJSg\">im\u00e1genes<\/a>, alguna de ellas impactantes, se nota c\u00f3mo quedaron los vagones y los lesionados, algunos en estado cr\u00edtico.<\/p>\n<h2><a href=\"https:\/\/twitter.com\/radio_formula\/status\/1611780756212273153?s=46&amp;t=6ikzX_J5AaOxwAgiK6E5rA\">Recibieron atenci\u00f3n\u200b<\/a><\/h2>\n<p>Minutos despu\u00e9s del accidente comenzaron a llegar los param\u00e9dicos, quienes atendieron a las personas lesionadas.<\/p>\n<p>En <a href=\"https:\/\/twitter.com\/anafvega\/status\/1611757362926206976?s=46&amp;t=cea1D2aNoOOhqm66qem6Aw\">otro de los videos<\/a> se puede observar a las personas que no sufrieron ning\u00fan tipo de percance caminar por las v\u00edas del metro rumbo a la estaci\u00f3n Potrero para resguardarse.<\/p>\n<p>Con informaci\u00f3n de: Medio Tiempo<\/p>\n","protected":false},"excerpt":{"rendered":"<p>Cerca de las 10 de la ma\u00f1ana, se dio a conocer la noticia de un percance entre las estaciones de La Raza y Potrero, correspondientes a la L\u00ednea 3. Se supo que un par de trenes chocaron, dejando al menos una decena de heridos. Aunque la informaci\u00f3n de ha dado a cuentagotas de parte de [&hellip;]<\/p>\n","protected":false},"author":1,"featured_media":44735,"comment_status":"open","ping_status":"open","sticky":false,"template":"","format":"standard","meta":{"om_disable_all_campaigns":false,"_monsterinsights_skip_tracking":false,"_monsterinsights_sitenote_active":false,"_monsterinsights_sitenote_note":"","_monsterinsights_sitenote_category":0,"_uf_show_specific_survey":0,"_uf_disable_surveys":false,"_jetpack_memberships_contains_paid_content":false,"footnotes":"","jetpack_publicize_message":"","jetpack_publicize_feature_enabled":true,"jetpack_social_post_already_shared":false,"jetpack_social_options":{"image_generator_settings":{"template":"highway","default_image_id":0,"enabled":false},"version":2}},"categories":[16],"tags":[],"class_list":{"0":"post-44736","1":"post","2":"type-post","3":"status-publish","4":"format-standard","5":"has-post-thumbnail","7":"category-viral"},"aioseo_notices":[],"jetpack_publicize_connections":[],"jetpack_featured_media_url":"https:\/\/mediagroup.mx\/wp-content\/uploads\/2023\/06\/41DBEC9A-6E45-4C32-9E22-B497FE4795C1.jpeg","jetpack_sharing_enabled":true,"_links":{"self":[{"href":"https:\/\/mediagroup.mx\/index.php\/wp-json\/wp\/v2\/posts\/44736","targetHints":{"allow":["GET"]}}],"collection":[{"href":"https:\/\/mediagroup.mx\/index.php\/wp-json\/wp\/v2\/posts"}],"about":[{"href":"https:\/\/mediagroup.mx\/index.php\/wp-json\/wp\/v2\/types\/post"}],"author":[{"embeddable":true,"href":"https:\/\/mediagroup.mx\/index.php\/wp-json\/wp\/v2\/users\/1"}],"replies":[{"embeddable":true,"href":"https:\/\/mediagroup.mx\/index.php\/wp-json\/wp\/v2\/comments?post=44736"}],"version-history":[{"count":0,"href":"https:\/\/mediagroup.mx\/index.php\/wp-json\/wp\/v2\/posts\/44736\/revisions"}],"wp:featuredmedia":[{"embeddable":true,"href":"https:\/\/mediagroup.mx\/index.php\/wp-json\/wp\/v2\/media\/44735"}],"wp:attachment":[{"href":"https:\/\/mediagroup.mx\/index.php\/wp-json\/wp\/v2\/media?parent=44736"}],"wp:term":[{"taxonomy":"category","embeddable":true,"href":"https:\/\/mediagroup.mx\/index.php\/wp-json\/wp\/v2\/categories?post=44736"},{"taxonomy":"post_tag","embeddable":true,"href":"https:\/\/mediagroup.mx\/index.php\/wp-json\/wp\/v2\/tags?post=44736"}],"curies":[{"name":"wp","href":"https:\/\/api.w.org\/{rel}","templated":true}]}}