{"id":44739,"date":"2023-06-26T19:40:01","date_gmt":"2023-06-26T19:40:01","guid":{"rendered":"https:\/\/new.mediagroup.mx\/index.php\/2023\/06\/26\/choque-frontal-de-dos-camionetas-deja-6-heridos\/"},"modified":"2023-06-26T19:40:01","modified_gmt":"2023-06-26T19:40:01","slug":"choque-frontal-de-dos-camionetas-deja-6-heridos","status":"publish","type":"post","link":"https:\/\/mediagroup.mx\/index.php\/2023\/06\/26\/choque-frontal-de-dos-camionetas-deja-6-heridos\/","title":{"rendered":"Choque frontal de dos camionetas, deja 6 heridos"},"content":{"rendered":"<p>Al menos seis personas, resultaron con lesiones de consideraci\u00f3n, tras registrarse, un choque de frente, entre dos camionetas, a unos dos kil\u00f3metros de esta localidad de Erongaricuaro, con direcci\u00f3n a Pich\u00e1taro.<\/p>\n<p>Entre las v\u00edctimas, est\u00e1n dos adultos y cuatro menores de edad; todos los lesionados, fueron trasladados en ambulancias, a un hospital de P\u00e1tzcuaro.<\/p>\n<p>El accidente, tuvo lugar la tarde de este domingo, en dicha carretera estatal, donde una de las dos camionetas, presuntamente invadi\u00f3 el carril de circulaci\u00f3n contrario, en una curva de una pendiente.<\/p>\n<p>Se trata de una camioneta Toyota, pick up, color beige y de una camioneta cerrada, Honda, color guinda, las cuales sufrieron da\u00f1os materiales considerables.<\/p>\n","protected":false},"excerpt":{"rendered":"<p>Al menos seis personas, resultaron con lesiones de consideraci\u00f3n, tras registrarse, un choque de frente, entre dos camionetas, a unos dos kil\u00f3metros de esta localidad de Erongaricuaro, con direcci\u00f3n a Pich\u00e1taro. Entre las v\u00edctimas, est\u00e1n dos adultos y cuatro menores de edad; todos los lesionados, fueron trasladados en ambulancias, a un hospital de P\u00e1tzcuaro. El [&hellip;]<\/p>\n","protected":false},"author":1,"featured_media":44740,"comment_status":"open","ping_status":"open","sticky":false,"template":"","format":"standard","meta":{"om_disable_all_campaigns":false,"_monsterinsights_skip_tracking":false,"_monsterinsights_sitenote_active":false,"_monsterinsights_sitenote_note":"","_monsterinsights_sitenote_category":0,"_uf_show_specific_survey":0,"_uf_disable_surveys":false,"_jetpack_memberships_contains_paid_content":false,"footnotes":"","jetpack_publicize_message":"","jetpack_publicize_feature_enabled":true,"jetpack_social_post_already_shared":false,"jetpack_social_options":{"image_generator_settings":{"template":"highway","default_image_id":0,"enabled":false},"version":2}},"categories":[24],"tags":[],"class_list":{"0":"post-44739","1":"post","2":"type-post","3":"status-publish","4":"format-standard","5":"has-post-thumbnail","7":"category-seguridad"},"aioseo_notices":[],"jetpack_publicize_connections":[],"jetpack_featured_media_url":"https:\/\/mediagroup.mx\/wp-content\/uploads\/2023\/06\/D5EB4C61-328F-42FB-97D0-1690519ED03A.jpeg","jetpack_sharing_enabled":true,"_links":{"self":[{"href":"https:\/\/mediagroup.mx\/index.php\/wp-json\/wp\/v2\/posts\/44739","targetHints":{"allow":["GET"]}}],"collection":[{"href":"https:\/\/mediagroup.mx\/index.php\/wp-json\/wp\/v2\/posts"}],"about":[{"href":"https:\/\/mediagroup.mx\/index.php\/wp-json\/wp\/v2\/types\/post"}],"author":[{"embeddable":true,"href":"https:\/\/mediagroup.mx\/index.php\/wp-json\/wp\/v2\/users\/1"}],"replies":[{"embeddable":true,"href":"https:\/\/mediagroup.mx\/index.php\/wp-json\/wp\/v2\/comments?post=44739"}],"version-history":[{"count":0,"href":"https:\/\/mediagroup.mx\/index.php\/wp-json\/wp\/v2\/posts\/44739\/revisions"}],"wp:featuredmedia":[{"embeddable":true,"href":"https:\/\/mediagroup.mx\/index.php\/wp-json\/wp\/v2\/media\/44740"}],"wp:attachment":[{"href":"https:\/\/mediagroup.mx\/index.php\/wp-json\/wp\/v2\/media?parent=44739"}],"wp:term":[{"taxonomy":"category","embeddable":true,"href":"https:\/\/mediagroup.mx\/index.php\/wp-json\/wp\/v2\/categories?post=44739"},{"taxonomy":"post_tag","embeddable":true,"href":"https:\/\/mediagroup.mx\/index.php\/wp-json\/wp\/v2\/tags?post=44739"}],"curies":[{"name":"wp","href":"https:\/\/api.w.org\/{rel}","templated":true}]}}