{"id":44741,"date":"2023-06-26T19:40:01","date_gmt":"2023-06-26T19:40:01","guid":{"rendered":"https:\/\/new.mediagroup.mx\/index.php\/2023\/06\/26\/este-2023-se-reactivan-las-escuelas-de-tiempo-completo-en-michoacan-daniela-de-los-santos\/"},"modified":"2023-06-26T19:40:01","modified_gmt":"2023-06-26T19:40:01","slug":"este-2023-se-reactivan-las-escuelas-de-tiempo-completo-en-michoacan-daniela-de-los-santos","status":"publish","type":"post","link":"https:\/\/mediagroup.mx\/index.php\/2023\/06\/26\/este-2023-se-reactivan-las-escuelas-de-tiempo-completo-en-michoacan-daniela-de-los-santos\/","title":{"rendered":"Este 2023 se reactivan las Escuelas de Tiempo Completo en Michoac\u00e1n: Daniela de los Santos"},"content":{"rendered":"<p>Este a\u00f1o en Michoac\u00e1n se reactivar\u00e1n en por lo menos los 880 centros educativos el esquema de Escuelas de Tiempo Completo, a fin de mantener la atenci\u00f3n educativa integral para ni\u00f1os, ni\u00f1as y adolescentes inform\u00f3 Daniela de los Santos Torres, diputada de la 75 Legislatura del Congreso de Michoac\u00e1n.<\/p>\n<p>Record\u00f3 la legisladora que en marzo del 2022, Alfredo Ram\u00edrez Bedolla, gobernador de Michoac\u00e1n respondi\u00f3 con inter\u00e9s de que se continuar\u00e1 con este programa, en respuesta a un exhorto que hizo ante el Pleno del Congreso de la necesidad que tienen m\u00e1s de 70 mil ni\u00f1os que se alimentaban con este programa.<\/p>\n<p>Detall\u00f3 que cuando se implement\u00f3 el Presupuesto de Egresos de la Federaci\u00f3n se insisti\u00f3 en que se destinar\u00e1 el recurso para el Programa y se logr\u00f3 a trav\u00e9s de La Escuela es Nuestra (LEN), un Programa de la Secretar\u00eda de Educaci\u00f3n P\u00fablica (SEP) que contribuye a disminuir las carencias y necesidades de los planteles de educaci\u00f3n, en donde se etiquet\u00f3 recursos para alimentaci\u00f3n y horario extendido, pero a\u00fan no se conoce cu\u00e1nto corresponde a cada Entidad Federativa.<\/p>\n<p>En este proceso Daniela de los Santos Torres record\u00f3 que una Jueza orden\u00f3 a la SEP \u201crestaurar\u201d por tiempo indefinido, el servicio de escuelas de tiempo completo y, hacer el ajustes presupuestales necesarios para que dicho programa opere como lo hac\u00eda antes de su eliminaci\u00f3n.<\/p>\n<p>El Programa de Escuelas de Tiempo Completo en el pa\u00eds atend\u00eda a 27 mil escuelas y en Michoac\u00e1n a 880 y su objetivo es ser una alternativa que prolonga la estancia de los maestros, ni\u00f1os y ni\u00f1as en la escuela, pero que para miles de ni\u00f1os y ni\u00f1as result\u00f3 tambi\u00e9n la alternativa de recibir alimentaci\u00f3n, pues en muchos casos llegan a la escuela sin desayunar y a veces sin cenar la noche anterior, explic\u00f3 la Diputada.<\/p>\n<p>Reconoci\u00f3 la voluntad del Gobierno Federal de regresar este esquema de trabajo que apoya el trabajo extra de los profesores y el cual logr\u00f3 mejorar las calificaciones de acuerdo a la Prueba Enlace.<\/p>\n","protected":false},"excerpt":{"rendered":"<p>Este a\u00f1o en Michoac\u00e1n se reactivar\u00e1n en por lo menos los 880 centros educativos el esquema de Escuelas de Tiempo Completo, a fin de mantener la atenci\u00f3n educativa integral para ni\u00f1os, ni\u00f1as y adolescentes inform\u00f3 Daniela de los Santos Torres, diputada de la 75 Legislatura del Congreso de Michoac\u00e1n. Record\u00f3 la legisladora que en marzo [&hellip;]<\/p>\n","protected":false},"author":1,"featured_media":44742,"comment_status":"open","ping_status":"open","sticky":false,"template":"","format":"standard","meta":{"om_disable_all_campaigns":false,"_monsterinsights_skip_tracking":false,"_monsterinsights_sitenote_active":false,"_monsterinsights_sitenote_note":"","_monsterinsights_sitenote_category":0,"_uf_show_specific_survey":0,"_uf_disable_surveys":false,"_jetpack_memberships_contains_paid_content":false,"footnotes":"","jetpack_publicize_message":"","jetpack_publicize_feature_enabled":true,"jetpack_social_post_already_shared":false,"jetpack_social_options":{"image_generator_settings":{"template":"highway","default_image_id":0,"enabled":false},"version":2}},"categories":[22],"tags":[],"class_list":{"0":"post-44741","1":"post","2":"type-post","3":"status-publish","4":"format-standard","5":"has-post-thumbnail","7":"category-educacion"},"aioseo_notices":[],"jetpack_publicize_connections":[],"jetpack_featured_media_url":"https:\/\/mediagroup.mx\/wp-content\/uploads\/2023\/06\/7FD7D384-A1AA-4507-9CE2-A82364FFB070.jpeg","jetpack_sharing_enabled":true,"_links":{"self":[{"href":"https:\/\/mediagroup.mx\/index.php\/wp-json\/wp\/v2\/posts\/44741","targetHints":{"allow":["GET"]}}],"collection":[{"href":"https:\/\/mediagroup.mx\/index.php\/wp-json\/wp\/v2\/posts"}],"about":[{"href":"https:\/\/mediagroup.mx\/index.php\/wp-json\/wp\/v2\/types\/post"}],"author":[{"embeddable":true,"href":"https:\/\/mediagroup.mx\/index.php\/wp-json\/wp\/v2\/users\/1"}],"replies":[{"embeddable":true,"href":"https:\/\/mediagroup.mx\/index.php\/wp-json\/wp\/v2\/comments?post=44741"}],"version-history":[{"count":0,"href":"https:\/\/mediagroup.mx\/index.php\/wp-json\/wp\/v2\/posts\/44741\/revisions"}],"wp:featuredmedia":[{"embeddable":true,"href":"https:\/\/mediagroup.mx\/index.php\/wp-json\/wp\/v2\/media\/44742"}],"wp:attachment":[{"href":"https:\/\/mediagroup.mx\/index.php\/wp-json\/wp\/v2\/media?parent=44741"}],"wp:term":[{"taxonomy":"category","embeddable":true,"href":"https:\/\/mediagroup.mx\/index.php\/wp-json\/wp\/v2\/categories?post=44741"},{"taxonomy":"post_tag","embeddable":true,"href":"https:\/\/mediagroup.mx\/index.php\/wp-json\/wp\/v2\/tags?post=44741"}],"curies":[{"name":"wp","href":"https:\/\/api.w.org\/{rel}","templated":true}]}}