{"id":44743,"date":"2023-06-26T19:40:01","date_gmt":"2023-06-26T19:40:01","guid":{"rendered":"https:\/\/new.mediagroup.mx\/index.php\/2023\/06\/26\/inicia-clases-mas-de-1-millon-200-mil-alumnos-en-michoacan\/"},"modified":"2023-06-26T19:40:01","modified_gmt":"2023-06-26T19:40:01","slug":"inicia-clases-mas-de-1-millon-200-mil-alumnos-en-michoacan","status":"publish","type":"post","link":"https:\/\/mediagroup.mx\/index.php\/2023\/06\/26\/inicia-clases-mas-de-1-millon-200-mil-alumnos-en-michoacan\/","title":{"rendered":"Inicia clases m\u00e1s de 1 mill\u00f3n 200 mil alumnos en Michoac\u00e1n"},"content":{"rendered":"<p>Este lunes 9 de enero, inici\u00f3 el ciclo escolar 2023-2024 para m\u00e1s de 1 mill\u00f3n 200 mil alumnos y alumnas de los distintos niveles educativos en Michoac\u00e1n, tanto de instituciones p\u00fablicas como privadas, inform\u00f3 la Secretar\u00eda de Educaci\u00f3n del Estado (SEE).<\/p>\n<p>Con un llamado a que se mantenga el compromiso docente con las y los ni\u00f1os, as\u00ed como con los j\u00f3venes de la entidad, la secretaria de Educaci\u00f3n, Gabriela Molina Aguilar y el gobernador, Alfredo Ram\u00edrez Bedolla, encabezaron el inicio de las clases desde la Escuela Primaria Independencia en Morelia.<\/p>\n<p>En ese sentido, en su mensaje el mandatario estatal reiter\u00f3 su compromiso de apoyar la formaci\u00f3n de ni\u00f1as, ni\u00f1os y j\u00f3venes que se preparan en las aulas para enfrentar los retos del futuro y manifest\u00f3 que la educaci\u00f3n, es parte fundamental de la transformaci\u00f3n que se requiere para avanzar en temas de tecnolog\u00eda, salud, econom\u00eda, seguridad y sociedad.<\/p>\n<p>Asimismo, el gobernador agreg\u00f3 que su administraci\u00f3n prioriza que las escuelas tengan las mejores condiciones y una atenci\u00f3n basada en el respeto a los maestros y con lo reiter\u00f3 su compromiso para pagar en tiempo y forma los salarios y prestaciones de las y los maestros.<\/p>\n<p>Cabe mencionar que en Michoac\u00e1n, son 1 mill\u00f3n 280 mil 951 estudiantes los que se incorporan a las aulas as\u00ed como 64 mil 704 docentes para las 13 mil 935 escuelas de toda la entidad.<\/p>\n<p>Por: Oscar Mendoza<\/p>\n","protected":false},"excerpt":{"rendered":"<p>Este lunes 9 de enero, inici\u00f3 el ciclo escolar 2023-2024 para m\u00e1s de 1 mill\u00f3n 200 mil alumnos y alumnas de los distintos niveles educativos en Michoac\u00e1n, tanto de instituciones p\u00fablicas como privadas, inform\u00f3 la Secretar\u00eda de Educaci\u00f3n del Estado (SEE). Con un llamado a que se mantenga el compromiso docente con las y los [&hellip;]<\/p>\n","protected":false},"author":1,"featured_media":44744,"comment_status":"open","ping_status":"open","sticky":false,"template":"","format":"standard","meta":{"om_disable_all_campaigns":false,"_monsterinsights_skip_tracking":false,"_monsterinsights_sitenote_active":false,"_monsterinsights_sitenote_note":"","_monsterinsights_sitenote_category":0,"_uf_show_specific_survey":0,"_uf_disable_surveys":false,"_jetpack_memberships_contains_paid_content":false,"footnotes":"","jetpack_publicize_message":"","jetpack_publicize_feature_enabled":true,"jetpack_social_post_already_shared":false,"jetpack_social_options":{"image_generator_settings":{"template":"highway","default_image_id":0,"enabled":false},"version":2}},"categories":[22],"tags":[],"class_list":{"0":"post-44743","1":"post","2":"type-post","3":"status-publish","4":"format-standard","5":"has-post-thumbnail","7":"category-educacion"},"aioseo_notices":[],"jetpack_publicize_connections":[],"jetpack_featured_media_url":"https:\/\/mediagroup.mx\/wp-content\/uploads\/2023\/06\/D38AC279-8884-4943-9A06-F7325614D4C8.jpeg","jetpack_sharing_enabled":true,"_links":{"self":[{"href":"https:\/\/mediagroup.mx\/index.php\/wp-json\/wp\/v2\/posts\/44743","targetHints":{"allow":["GET"]}}],"collection":[{"href":"https:\/\/mediagroup.mx\/index.php\/wp-json\/wp\/v2\/posts"}],"about":[{"href":"https:\/\/mediagroup.mx\/index.php\/wp-json\/wp\/v2\/types\/post"}],"author":[{"embeddable":true,"href":"https:\/\/mediagroup.mx\/index.php\/wp-json\/wp\/v2\/users\/1"}],"replies":[{"embeddable":true,"href":"https:\/\/mediagroup.mx\/index.php\/wp-json\/wp\/v2\/comments?post=44743"}],"version-history":[{"count":0,"href":"https:\/\/mediagroup.mx\/index.php\/wp-json\/wp\/v2\/posts\/44743\/revisions"}],"wp:featuredmedia":[{"embeddable":true,"href":"https:\/\/mediagroup.mx\/index.php\/wp-json\/wp\/v2\/media\/44744"}],"wp:attachment":[{"href":"https:\/\/mediagroup.mx\/index.php\/wp-json\/wp\/v2\/media?parent=44743"}],"wp:term":[{"taxonomy":"category","embeddable":true,"href":"https:\/\/mediagroup.mx\/index.php\/wp-json\/wp\/v2\/categories?post=44743"},{"taxonomy":"post_tag","embeddable":true,"href":"https:\/\/mediagroup.mx\/index.php\/wp-json\/wp\/v2\/tags?post=44743"}],"curies":[{"name":"wp","href":"https:\/\/api.w.org\/{rel}","templated":true}]}}