{"id":44749,"date":"2023-06-26T19:40:01","date_gmt":"2023-06-26T19:40:01","guid":{"rendered":"https:\/\/new.mediagroup.mx\/index.php\/2023\/06\/26\/uruapan-con-la-canasta-basica-mas-barata-del-estado-destaca-sedeco\/"},"modified":"2023-06-26T19:40:01","modified_gmt":"2023-06-26T19:40:01","slug":"uruapan-con-la-canasta-basica-mas-barata-del-estado-destaca-sedeco","status":"publish","type":"post","link":"https:\/\/mediagroup.mx\/index.php\/2023\/06\/26\/uruapan-con-la-canasta-basica-mas-barata-del-estado-destaca-sedeco\/","title":{"rendered":"Uruapan con la canasta b\u00e1sica m\u00e1s barata del estado, destaca Sedeco"},"content":{"rendered":"<p>Con un costo de 992 pesos, la tienda de autoservicio Soriana en Uruapan, se posiciona esta semana como la m\u00e1s barata del estado, inform\u00f3 el titular de la Secretar\u00eda de Desarrollo Econ\u00f3mico de Michoac\u00e1n (Sedeco), Claudio M\u00e9ndez Fern\u00e1ndez.<\/p>\n<p>En el marco de la medici\u00f3n semanal que realiza la dependencia a su cargo, el funcionario detall\u00f3 que dicha tienda en Uruapan, es la m\u00e1s barata de esta semana para realizar la compra de la canasta b\u00e1sica.<\/p>\n<p>Asimismo, en Morelia en el Tianguis de la Feria, la canasta b\u00e1sica se encuentra en mil 24 pesos; en L\u00e1zaro C\u00e1rdenas, mil 15 pesos en Soriana; en Apatzing\u00e1n, mil 56 pesos en Aurrera; en Zamora, mil 37 pesos tambi\u00e9n en Aurrera y finalmente en Zamora, igualmente la tienda Aurrera con en mil 23 pesos.<\/p>\n<p>Finalmente, el secretario de Desarrollo Econ\u00f3mico subray\u00f3 la estabilidad en los precios de la canasta b\u00e1sica y la cual se ha mantenido entre mil 265 y mil 250 pesos en su costo m\u00e1ximo y 969 a 992 pesos en su costo m\u00ednimo hasta el pasado 7 de enero.<\/p>\n<p>Por: Oscar Mendoza<\/p>\n","protected":false},"excerpt":{"rendered":"<p>Con un costo de 992 pesos, la tienda de autoservicio Soriana en Uruapan, se posiciona esta semana como la m\u00e1s barata del estado, inform\u00f3 el titular de la Secretar\u00eda de Desarrollo Econ\u00f3mico de Michoac\u00e1n (Sedeco), Claudio M\u00e9ndez Fern\u00e1ndez. En el marco de la medici\u00f3n semanal que realiza la dependencia a su cargo, el funcionario detall\u00f3 [&hellip;]<\/p>\n","protected":false},"author":1,"featured_media":44750,"comment_status":"open","ping_status":"open","sticky":false,"template":"","format":"standard","meta":{"om_disable_all_campaigns":false,"_monsterinsights_skip_tracking":false,"_monsterinsights_sitenote_active":false,"_monsterinsights_sitenote_note":"","_monsterinsights_sitenote_category":0,"_uf_show_specific_survey":0,"_uf_disable_surveys":false,"_jetpack_memberships_contains_paid_content":false,"footnotes":"","jetpack_publicize_message":"","jetpack_publicize_feature_enabled":true,"jetpack_social_post_already_shared":false,"jetpack_social_options":{"image_generator_settings":{"template":"highway","default_image_id":0,"enabled":false},"version":2}},"categories":[15],"tags":[],"class_list":{"0":"post-44749","1":"post","2":"type-post","3":"status-publish","4":"format-standard","5":"has-post-thumbnail","7":"category-michoacan"},"aioseo_notices":[],"jetpack_publicize_connections":[],"jetpack_featured_media_url":"https:\/\/mediagroup.mx\/wp-content\/uploads\/2023\/06\/2F2B2017-76C3-403F-97EC-E1F0E30623BE.jpeg","jetpack_sharing_enabled":true,"_links":{"self":[{"href":"https:\/\/mediagroup.mx\/index.php\/wp-json\/wp\/v2\/posts\/44749","targetHints":{"allow":["GET"]}}],"collection":[{"href":"https:\/\/mediagroup.mx\/index.php\/wp-json\/wp\/v2\/posts"}],"about":[{"href":"https:\/\/mediagroup.mx\/index.php\/wp-json\/wp\/v2\/types\/post"}],"author":[{"embeddable":true,"href":"https:\/\/mediagroup.mx\/index.php\/wp-json\/wp\/v2\/users\/1"}],"replies":[{"embeddable":true,"href":"https:\/\/mediagroup.mx\/index.php\/wp-json\/wp\/v2\/comments?post=44749"}],"version-history":[{"count":0,"href":"https:\/\/mediagroup.mx\/index.php\/wp-json\/wp\/v2\/posts\/44749\/revisions"}],"wp:featuredmedia":[{"embeddable":true,"href":"https:\/\/mediagroup.mx\/index.php\/wp-json\/wp\/v2\/media\/44750"}],"wp:attachment":[{"href":"https:\/\/mediagroup.mx\/index.php\/wp-json\/wp\/v2\/media?parent=44749"}],"wp:term":[{"taxonomy":"category","embeddable":true,"href":"https:\/\/mediagroup.mx\/index.php\/wp-json\/wp\/v2\/categories?post=44749"},{"taxonomy":"post_tag","embeddable":true,"href":"https:\/\/mediagroup.mx\/index.php\/wp-json\/wp\/v2\/tags?post=44749"}],"curies":[{"name":"wp","href":"https:\/\/api.w.org\/{rel}","templated":true}]}}