{"id":44765,"date":"2023-06-26T19:40:01","date_gmt":"2023-06-26T19:40:01","guid":{"rendered":"https:\/\/new.mediagroup.mx\/index.php\/2023\/06\/26\/amlo-visitara-el-estado-para-oficializar-transferencia-de-los-servicios-de-salud-confirma-bedolla\/"},"modified":"2023-06-26T19:40:01","modified_gmt":"2023-06-26T19:40:01","slug":"amlo-visitara-el-estado-para-oficializar-transferencia-de-los-servicios-de-salud-confirma-bedolla","status":"publish","type":"post","link":"https:\/\/mediagroup.mx\/index.php\/2023\/06\/26\/amlo-visitara-el-estado-para-oficializar-transferencia-de-los-servicios-de-salud-confirma-bedolla\/","title":{"rendered":"AMLO visitar\u00e1 el estado para oficializar transferencia de los servicios de salud, confirma Bedolla"},"content":{"rendered":"<p>El gobernador Alfredo Ram\u00edrez Bedolla, confirm\u00f3 que el presidente Andr\u00e9s Manuel L\u00f3pez Obrador visitar\u00e1 el estado para encabezar la firma de transferencia de los servicios de salud de Michoac\u00e1n al esquema universal del Gobierno de M\u00e9xico.<\/p>\n<p>De acuerdo con el titular del poder ejecutivo estatal, la visita del mandatario federal se realizar\u00e1 despu\u00e9s de la Cumbre entre M\u00e9xico, Canad\u00e1 y Estados Unidos que actualmente tiene lugar.<\/p>\n<p>Asimismo, el gobernador explic\u00f3 que el presidente har\u00e1 oficial la transferencia de los servicios de salud al esquema que contempla atenci\u00f3n universal en todos los hospitales del estado y los del IMSS e ISSSTE.<\/p>\n<p>Por: Oscar Mendoza<\/p>\n","protected":false},"excerpt":{"rendered":"<p>El gobernador Alfredo Ram\u00edrez Bedolla, confirm\u00f3 que el presidente Andr\u00e9s Manuel L\u00f3pez Obrador visitar\u00e1 el estado para encabezar la firma de transferencia de los servicios de salud de Michoac\u00e1n al esquema universal del Gobierno de M\u00e9xico. De acuerdo con el titular del poder ejecutivo estatal, la visita del mandatario federal se realizar\u00e1 despu\u00e9s de la [&hellip;]<\/p>\n","protected":false},"author":1,"featured_media":44766,"comment_status":"open","ping_status":"open","sticky":false,"template":"","format":"standard","meta":{"om_disable_all_campaigns":false,"_monsterinsights_skip_tracking":false,"_monsterinsights_sitenote_active":false,"_monsterinsights_sitenote_note":"","_monsterinsights_sitenote_category":0,"_uf_show_specific_survey":0,"_uf_disable_surveys":false,"_jetpack_memberships_contains_paid_content":false,"footnotes":"","jetpack_publicize_message":"","jetpack_publicize_feature_enabled":true,"jetpack_social_post_already_shared":false,"jetpack_social_options":{"image_generator_settings":{"template":"highway","default_image_id":0,"enabled":false},"version":2}},"categories":[15],"tags":[],"class_list":{"0":"post-44765","1":"post","2":"type-post","3":"status-publish","4":"format-standard","5":"has-post-thumbnail","7":"category-michoacan"},"aioseo_notices":[],"jetpack_publicize_connections":[],"jetpack_featured_media_url":"https:\/\/mediagroup.mx\/wp-content\/uploads\/2023\/06\/90.jpeg","jetpack_sharing_enabled":true,"_links":{"self":[{"href":"https:\/\/mediagroup.mx\/index.php\/wp-json\/wp\/v2\/posts\/44765","targetHints":{"allow":["GET"]}}],"collection":[{"href":"https:\/\/mediagroup.mx\/index.php\/wp-json\/wp\/v2\/posts"}],"about":[{"href":"https:\/\/mediagroup.mx\/index.php\/wp-json\/wp\/v2\/types\/post"}],"author":[{"embeddable":true,"href":"https:\/\/mediagroup.mx\/index.php\/wp-json\/wp\/v2\/users\/1"}],"replies":[{"embeddable":true,"href":"https:\/\/mediagroup.mx\/index.php\/wp-json\/wp\/v2\/comments?post=44765"}],"version-history":[{"count":0,"href":"https:\/\/mediagroup.mx\/index.php\/wp-json\/wp\/v2\/posts\/44765\/revisions"}],"wp:featuredmedia":[{"embeddable":true,"href":"https:\/\/mediagroup.mx\/index.php\/wp-json\/wp\/v2\/media\/44766"}],"wp:attachment":[{"href":"https:\/\/mediagroup.mx\/index.php\/wp-json\/wp\/v2\/media?parent=44765"}],"wp:term":[{"taxonomy":"category","embeddable":true,"href":"https:\/\/mediagroup.mx\/index.php\/wp-json\/wp\/v2\/categories?post=44765"},{"taxonomy":"post_tag","embeddable":true,"href":"https:\/\/mediagroup.mx\/index.php\/wp-json\/wp\/v2\/tags?post=44765"}],"curies":[{"name":"wp","href":"https:\/\/api.w.org\/{rel}","templated":true}]}}