{"id":44767,"date":"2023-06-26T19:40:01","date_gmt":"2023-06-26T19:40:01","guid":{"rendered":"https:\/\/new.mediagroup.mx\/index.php\/2023\/06\/26\/hombre-de-la-tercera-edad-muere-a-un-costado-del-bosque-cuauhtemoc-en-morelia\/"},"modified":"2023-06-26T19:40:01","modified_gmt":"2023-06-26T19:40:01","slug":"hombre-de-la-tercera-edad-muere-a-un-costado-del-bosque-cuauhtemoc-en-morelia","status":"publish","type":"post","link":"https:\/\/mediagroup.mx\/index.php\/2023\/06\/26\/hombre-de-la-tercera-edad-muere-a-un-costado-del-bosque-cuauhtemoc-en-morelia\/","title":{"rendered":"Hombre de la tercera edad muere a un costado del Bosque Cuauht\u00e9moc, en Morelia"},"content":{"rendered":"<p>Un hombre de la tercera edad muri\u00f3 por causas naturales cerca de la denominada \u00abFuente de los Patos\u00bb, ubicada en el Bosque Cuauht\u00e9moc, en Morelia, informaron autoridades policiales.<\/p>\n<p>El hecho ocurri\u00f3 la tarde de este martes en el referido lugar, a un costado de la calle Justo Mendoza. Trascendi\u00f3 que el susodicho comenz\u00f3 a sentirse mal de salud y en determinado momento se desmay\u00f3.<\/p>\n<p>Tras ver tirado e inconsciente al masculino, unas personas solicitaron ayuda, luego llegaron polic\u00edas y param\u00e9dicos, pero el ciudadano ya no ten\u00eda signos vitales.<\/p>\n<p>Los oficiales delimitaron el per\u00edmetro y pidieron la intervenci\u00f3n de la Fiscal\u00eda General del Estado (FGE), cuyos elementos de la Unidad de Atenci\u00f3n Inmediata se encargaron de las investigaciones respectivas y trasladaron el cuerpo a la morgue, mismo que permanece en calidad de no identificado.<\/p>\n<p>&nbsp;<\/p>\n","protected":false},"excerpt":{"rendered":"<p>Un hombre de la tercera edad muri\u00f3 por causas naturales cerca de la denominada \u00abFuente de los Patos\u00bb, ubicada en el Bosque Cuauht\u00e9moc, en Morelia, informaron autoridades policiales. El hecho ocurri\u00f3 la tarde de este martes en el referido lugar, a un costado de la calle Justo Mendoza. Trascendi\u00f3 que el susodicho comenz\u00f3 a sentirse [&hellip;]<\/p>\n","protected":false},"author":1,"featured_media":44768,"comment_status":"open","ping_status":"open","sticky":false,"template":"","format":"standard","meta":{"om_disable_all_campaigns":false,"_monsterinsights_skip_tracking":false,"_monsterinsights_sitenote_active":false,"_monsterinsights_sitenote_note":"","_monsterinsights_sitenote_category":0,"_uf_show_specific_survey":0,"_uf_disable_surveys":false,"_jetpack_memberships_contains_paid_content":false,"footnotes":"","jetpack_publicize_message":"","jetpack_publicize_feature_enabled":true,"jetpack_social_post_already_shared":false,"jetpack_social_options":{"image_generator_settings":{"template":"highway","default_image_id":0,"enabled":false},"version":2}},"categories":[24],"tags":[],"class_list":{"0":"post-44767","1":"post","2":"type-post","3":"status-publish","4":"format-standard","5":"has-post-thumbnail","7":"category-seguridad"},"aioseo_notices":[],"jetpack_publicize_connections":[],"jetpack_featured_media_url":"https:\/\/mediagroup.mx\/wp-content\/uploads\/2023\/06\/B19424AF-F1E5-40A9-AFF7-A597EEEF5E6F.jpeg","jetpack_sharing_enabled":true,"_links":{"self":[{"href":"https:\/\/mediagroup.mx\/index.php\/wp-json\/wp\/v2\/posts\/44767","targetHints":{"allow":["GET"]}}],"collection":[{"href":"https:\/\/mediagroup.mx\/index.php\/wp-json\/wp\/v2\/posts"}],"about":[{"href":"https:\/\/mediagroup.mx\/index.php\/wp-json\/wp\/v2\/types\/post"}],"author":[{"embeddable":true,"href":"https:\/\/mediagroup.mx\/index.php\/wp-json\/wp\/v2\/users\/1"}],"replies":[{"embeddable":true,"href":"https:\/\/mediagroup.mx\/index.php\/wp-json\/wp\/v2\/comments?post=44767"}],"version-history":[{"count":0,"href":"https:\/\/mediagroup.mx\/index.php\/wp-json\/wp\/v2\/posts\/44767\/revisions"}],"wp:featuredmedia":[{"embeddable":true,"href":"https:\/\/mediagroup.mx\/index.php\/wp-json\/wp\/v2\/media\/44768"}],"wp:attachment":[{"href":"https:\/\/mediagroup.mx\/index.php\/wp-json\/wp\/v2\/media?parent=44767"}],"wp:term":[{"taxonomy":"category","embeddable":true,"href":"https:\/\/mediagroup.mx\/index.php\/wp-json\/wp\/v2\/categories?post=44767"},{"taxonomy":"post_tag","embeddable":true,"href":"https:\/\/mediagroup.mx\/index.php\/wp-json\/wp\/v2\/tags?post=44767"}],"curies":[{"name":"wp","href":"https:\/\/api.w.org\/{rel}","templated":true}]}}