{"id":44769,"date":"2023-06-26T19:40:01","date_gmt":"2023-06-26T19:40:01","guid":{"rendered":"https:\/\/new.mediagroup.mx\/index.php\/2023\/06\/26\/alistan-preparativos-para-el-concurso-y-tianguis-artesanal-de-domingo-de-ramos\/"},"modified":"2023-06-26T19:40:01","modified_gmt":"2023-06-26T19:40:01","slug":"alistan-preparativos-para-el-concurso-y-tianguis-artesanal-de-domingo-de-ramos","status":"publish","type":"post","link":"https:\/\/mediagroup.mx\/index.php\/2023\/06\/26\/alistan-preparativos-para-el-concurso-y-tianguis-artesanal-de-domingo-de-ramos\/","title":{"rendered":"Alistan preparativos para el Concurso y Tianguis Artesanal de Domingo de Ramos"},"content":{"rendered":"<p>El Instituto del Artesano Michoacano, el Ayuntamiento de Uruapan y sector artesanal mantuvieron una reuni\u00f3n con la finalidad de ver la log\u00edstica para el LXII Concurso Estatal de Artesan\u00edas y Tianguis Artesanal con motivo del \u201cDomingo de Ramos\u201d, a realizarse en Uruapan, a principios del mes de abril.<\/p>\n<p>Mediante un comunicado, se inform\u00f3 que el periodo en que se desarrollar\u00e1 el concurso iniciar\u00e1 con la inscripci\u00f3n de piezas en las diferentes ramas artesanales del 26 al 28 de marzo y la calificaci\u00f3n ser\u00e1 del 29 al 31 del mismo mes.<\/p>\n<p>La venta de las piezas ganadoras y participantes del concurso estar\u00e1 durante una semana, del 1 al 9 de abril, en la Casa de la Cultura de Uruapan, en horario de 10:00 a 19:00 horas, para que todos los visitantes nacionales y extranjeros, durante la Semana Santa puedan adquirir las piezas.<\/p>\n<p>Asimismo, mencion\u00f3 se est\u00e1 trabajando en la convocatoria del concurso y en las solicitudes de apoyos econ\u00f3micos para la bolsa en premios del certamen, que el a\u00f1o pasado fue de un mill\u00f3n 200 mil pesos, distribuida en 297 ganadores.<\/p>\n<p>Por: Jes\u00fas Gonz\u00e1lez<\/p>\n","protected":false},"excerpt":{"rendered":"<p>El Instituto del Artesano Michoacano, el Ayuntamiento de Uruapan y sector artesanal mantuvieron una reuni\u00f3n con la finalidad de ver la log\u00edstica para el LXII Concurso Estatal de Artesan\u00edas y Tianguis Artesanal con motivo del \u201cDomingo de Ramos\u201d, a realizarse en Uruapan, a principios del mes de abril. Mediante un comunicado, se inform\u00f3 que el [&hellip;]<\/p>\n","protected":false},"author":1,"featured_media":44770,"comment_status":"open","ping_status":"open","sticky":false,"template":"","format":"standard","meta":{"om_disable_all_campaigns":false,"_monsterinsights_skip_tracking":false,"_monsterinsights_sitenote_active":false,"_monsterinsights_sitenote_note":"","_monsterinsights_sitenote_category":0,"_uf_show_specific_survey":0,"_uf_disable_surveys":false,"_jetpack_memberships_contains_paid_content":false,"footnotes":"","jetpack_publicize_message":"","jetpack_publicize_feature_enabled":true,"jetpack_social_post_already_shared":false,"jetpack_social_options":{"image_generator_settings":{"template":"highway","default_image_id":0,"enabled":false},"version":2}},"categories":[25],"tags":[],"class_list":{"0":"post-44769","1":"post","2":"type-post","3":"status-publish","4":"format-standard","5":"has-post-thumbnail","7":"category-cultura"},"aioseo_notices":[],"jetpack_publicize_connections":[],"jetpack_featured_media_url":"https:\/\/mediagroup.mx\/wp-content\/uploads\/2023\/06\/6CF808E4-3BFB-4355-A080-274D5E7E2397.jpeg","jetpack_sharing_enabled":true,"_links":{"self":[{"href":"https:\/\/mediagroup.mx\/index.php\/wp-json\/wp\/v2\/posts\/44769","targetHints":{"allow":["GET"]}}],"collection":[{"href":"https:\/\/mediagroup.mx\/index.php\/wp-json\/wp\/v2\/posts"}],"about":[{"href":"https:\/\/mediagroup.mx\/index.php\/wp-json\/wp\/v2\/types\/post"}],"author":[{"embeddable":true,"href":"https:\/\/mediagroup.mx\/index.php\/wp-json\/wp\/v2\/users\/1"}],"replies":[{"embeddable":true,"href":"https:\/\/mediagroup.mx\/index.php\/wp-json\/wp\/v2\/comments?post=44769"}],"version-history":[{"count":0,"href":"https:\/\/mediagroup.mx\/index.php\/wp-json\/wp\/v2\/posts\/44769\/revisions"}],"wp:featuredmedia":[{"embeddable":true,"href":"https:\/\/mediagroup.mx\/index.php\/wp-json\/wp\/v2\/media\/44770"}],"wp:attachment":[{"href":"https:\/\/mediagroup.mx\/index.php\/wp-json\/wp\/v2\/media?parent=44769"}],"wp:term":[{"taxonomy":"category","embeddable":true,"href":"https:\/\/mediagroup.mx\/index.php\/wp-json\/wp\/v2\/categories?post=44769"},{"taxonomy":"post_tag","embeddable":true,"href":"https:\/\/mediagroup.mx\/index.php\/wp-json\/wp\/v2\/tags?post=44769"}],"curies":[{"name":"wp","href":"https:\/\/api.w.org\/{rel}","templated":true}]}}