{"id":44809,"date":"2023-06-26T19:40:19","date_gmt":"2023-06-26T19:40:19","guid":{"rendered":"https:\/\/new.mediagroup.mx\/index.php\/2023\/06\/26\/las-mujeres-vamos-a-transformar-la-politica-mexicana-asegura-diputada-del-pes\/"},"modified":"2023-06-26T19:40:19","modified_gmt":"2023-06-26T19:40:19","slug":"las-mujeres-vamos-a-transformar-la-politica-mexicana-asegura-diputada-del-pes","status":"publish","type":"post","link":"https:\/\/mediagroup.mx\/index.php\/2023\/06\/26\/las-mujeres-vamos-a-transformar-la-politica-mexicana-asegura-diputada-del-pes\/","title":{"rendered":"Las mujeres vamos a transformar la pol\u00edtica mexicana asegura Diputada del PES"},"content":{"rendered":"<p style=\"text-align: justify;\">El reciente nombramiento de la Ministra Norma Pi\u00f1a, como Presidenta de la Suprema Corte de la Justicia de la Naci\u00f3n (SCJN) merece adjetivos positivos y debe tomarse como ejemplo -cada vez m\u00e1s comunes- de que las mujeres tienen la misma capacidad de trascender en la pol\u00edtica mexicana, expres\u00f3 la Diputada, Luz Mar\u00eda Garc\u00eda.<\/p>\n<p style=\"text-align: justify;\">En este sentido, invit\u00f3 a participar en la conformaci\u00f3n del 1er Parlamento de Mujeres 2023, organizado por la Septuag\u00e9sima Quinta Legislatura del Congreso del Estado, el cual tiene el objetivo de promover la cooperaci\u00f3n y participaci\u00f3n de las mujeres en el \u00e1mbito pol\u00edtico.<\/p>\n<p style=\"text-align: justify;\">\u201cTenemos que promover a m\u00e1s mujeres en pol\u00edtica y capacitarlas para que sean ellas mismas quienes alcen la voz en los espacios de toma de decisiones\u201d<\/p>\n<p style=\"text-align: justify;\">Ser\u00e1 a trav\u00e9s de la entrega de Iniciativas de Ley y Proyectos Sociales que sean seleccionadas a las representantes del Parlamento, el cual se llevar\u00e1 a cabo 16 y 17 de marzo de 2023 en el recinto del Poder Legislativo.<\/p>\n<p style=\"text-align: justify;\">La Diputada de Encuentro Solidario y presidenta de la Comisi\u00f3n de Desarrollo Integral de la Familia, se\u00f1al\u00f3 que en la pr\u00e1ctica, la igualdad ante la ley y ante el Estado, suele ponerse en entre dicho, por ello, las mujeres de todos las edades o estratos, deben normalizar la realizaci\u00f3n espacios de expresi\u00f3n para asegurar su visi\u00f3n en la configuraci\u00f3n de leyes en Michoac\u00e1n.<\/p>\n<p style=\"text-align: justify;\">Todas aquellas mujeres interesadas en participar, deber\u00e1n presentar sus iniciativas o proyectos al jurado calificador.<\/p>\n<p style=\"text-align: justify;\">Para esta primera edici\u00f3n del Parlamento la recepci\u00f3n de documentos estar\u00e1 abierta hasta el 20 de enero del presente a\u00f1o, en las instalaciones del la Casona del Congreso, ubicadas en la Av. Morelos Norte #82, en Morelia.<\/p>\n<p style=\"text-align: justify;\">La convocatoria est\u00e1 disponible en la siguiente liga: http:\/\/congresomich.gob.mx\/parlamento-mujeres-2023\/<\/p>\n","protected":false},"excerpt":{"rendered":"<p>El reciente nombramiento de la Ministra Norma Pi\u00f1a, como Presidenta de la Suprema Corte de la Justicia de la Naci\u00f3n (SCJN) merece adjetivos positivos y debe tomarse como ejemplo -cada vez m\u00e1s comunes- de que las mujeres tienen la misma capacidad de trascender en la pol\u00edtica mexicana, expres\u00f3 la Diputada, Luz Mar\u00eda Garc\u00eda. En este [&hellip;]<\/p>\n","protected":false},"author":1,"featured_media":44810,"comment_status":"open","ping_status":"open","sticky":false,"template":"","format":"standard","meta":{"om_disable_all_campaigns":false,"_monsterinsights_skip_tracking":false,"_monsterinsights_sitenote_active":false,"_monsterinsights_sitenote_note":"","_monsterinsights_sitenote_category":0,"_uf_show_specific_survey":0,"_uf_disable_surveys":false,"_jetpack_memberships_contains_paid_content":false,"footnotes":"","jetpack_publicize_message":"","jetpack_publicize_feature_enabled":true,"jetpack_social_post_already_shared":false,"jetpack_social_options":{"image_generator_settings":{"template":"highway","default_image_id":0,"enabled":false},"version":2}},"categories":[15],"tags":[],"class_list":{"0":"post-44809","1":"post","2":"type-post","3":"status-publish","4":"format-standard","5":"has-post-thumbnail","7":"category-michoacan"},"aioseo_notices":[],"jetpack_publicize_connections":[],"jetpack_featured_media_url":"https:\/\/mediagroup.mx\/wp-content\/uploads\/2023\/06\/WhatsApp-Image-2023-01-11-at-7.41.28-PM.jpeg","jetpack_sharing_enabled":true,"_links":{"self":[{"href":"https:\/\/mediagroup.mx\/index.php\/wp-json\/wp\/v2\/posts\/44809","targetHints":{"allow":["GET"]}}],"collection":[{"href":"https:\/\/mediagroup.mx\/index.php\/wp-json\/wp\/v2\/posts"}],"about":[{"href":"https:\/\/mediagroup.mx\/index.php\/wp-json\/wp\/v2\/types\/post"}],"author":[{"embeddable":true,"href":"https:\/\/mediagroup.mx\/index.php\/wp-json\/wp\/v2\/users\/1"}],"replies":[{"embeddable":true,"href":"https:\/\/mediagroup.mx\/index.php\/wp-json\/wp\/v2\/comments?post=44809"}],"version-history":[{"count":0,"href":"https:\/\/mediagroup.mx\/index.php\/wp-json\/wp\/v2\/posts\/44809\/revisions"}],"wp:featuredmedia":[{"embeddable":true,"href":"https:\/\/mediagroup.mx\/index.php\/wp-json\/wp\/v2\/media\/44810"}],"wp:attachment":[{"href":"https:\/\/mediagroup.mx\/index.php\/wp-json\/wp\/v2\/media?parent=44809"}],"wp:term":[{"taxonomy":"category","embeddable":true,"href":"https:\/\/mediagroup.mx\/index.php\/wp-json\/wp\/v2\/categories?post=44809"},{"taxonomy":"post_tag","embeddable":true,"href":"https:\/\/mediagroup.mx\/index.php\/wp-json\/wp\/v2\/tags?post=44809"}],"curies":[{"name":"wp","href":"https:\/\/api.w.org\/{rel}","templated":true}]}}