{"id":44815,"date":"2023-06-26T19:40:40","date_gmt":"2023-06-26T19:40:40","guid":{"rendered":"https:\/\/new.mediagroup.mx\/index.php\/2023\/06\/26\/hay-buena-coordinacion-en-bancada-de-morena-asegura-juan-carlos-barragan-fidel-calderon-se-desdibujo-solo\/"},"modified":"2023-06-26T19:40:40","modified_gmt":"2023-06-26T19:40:40","slug":"hay-buena-coordinacion-en-bancada-de-morena-asegura-juan-carlos-barragan-fidel-calderon-se-desdibujo-solo","status":"publish","type":"post","link":"https:\/\/mediagroup.mx\/index.php\/2023\/06\/26\/hay-buena-coordinacion-en-bancada-de-morena-asegura-juan-carlos-barragan-fidel-calderon-se-desdibujo-solo\/","title":{"rendered":"Hay buena coordinaci\u00f3n en bancada de MORENA asegura Juan Carlos Barrag\u00e1n; Fidel Calder\u00f3n se \u201cdesdibujo solo\u201d"},"content":{"rendered":"<p>El diputado Juan Carlos Barrag\u00e1n V\u00e9lez asegur\u00f3 que al interior del Grupo Parlamentario de Morena en el Congreso de Michoac\u00e1n hay buena coordinaci\u00f3n entre los legisladores que la integran debido al liderazgo del gobernador Alfredo Ram\u00edrez Bedolla.<\/p>\n<p>En entrevista en el programa el B\u00fanker Pol\u00edtico de Canal 6, el morenista indic\u00f3 que los 9 diputados que conforman esta bancada siempre han sido muy institucionales y respetuosos de los acuerdos a los que llega su coordinadora Anabet Franco Carrizales.<\/p>\n<p>Asimismo, el diputado indic\u00f3 que en la bancada no hay espacio para los intereses personales, al grado de que se hizo a un lado para que Julieta Garc\u00eda Zepeda fuera la actual presidenta de la mesa directiva del Congreso del Estado.<\/p>\n<p>Finalmente, al ser cuestionado sobre la figura del diputado Fidel Calder\u00f3n Torreblanca, Barrag\u00e1n V\u00e9lez asegur\u00f3 que \u00e9l se desdibujo solo al \u201cdespacharse\u201d otorgando distintos nombramientos, adem\u00e1s de ser autoritario con sus compa\u00f1eros de bancada cuando fue el coordinador de la bancada morenista.<\/p>\n<p>Por: Miguel Santos<\/p>\n<p>Por<\/p>\n","protected":false},"excerpt":{"rendered":"<p>El diputado Juan Carlos Barrag\u00e1n V\u00e9lez asegur\u00f3 que al interior del Grupo Parlamentario de Morena en el Congreso de Michoac\u00e1n hay buena coordinaci\u00f3n entre los legisladores que la integran debido al liderazgo del gobernador Alfredo Ram\u00edrez Bedolla. En entrevista en el programa el B\u00fanker Pol\u00edtico de Canal 6, el morenista indic\u00f3 que los 9 diputados [&hellip;]<\/p>\n","protected":false},"author":1,"featured_media":44816,"comment_status":"open","ping_status":"open","sticky":false,"template":"","format":"standard","meta":{"om_disable_all_campaigns":false,"_monsterinsights_skip_tracking":false,"_monsterinsights_sitenote_active":false,"_monsterinsights_sitenote_note":"","_monsterinsights_sitenote_category":0,"_uf_show_specific_survey":0,"_uf_disable_surveys":false,"_jetpack_memberships_contains_paid_content":false,"footnotes":"","jetpack_publicize_message":"","jetpack_publicize_feature_enabled":true,"jetpack_social_post_already_shared":false,"jetpack_social_options":{"image_generator_settings":{"template":"highway","default_image_id":0,"enabled":false},"version":2}},"categories":[15],"tags":[],"class_list":{"0":"post-44815","1":"post","2":"type-post","3":"status-publish","4":"format-standard","5":"has-post-thumbnail","7":"category-michoacan"},"aioseo_notices":[],"jetpack_publicize_connections":[],"jetpack_featured_media_url":"https:\/\/mediagroup.mx\/wp-content\/uploads\/2023\/06\/2F01A612-10FF-492A-B5D0-55FCB7418807.jpeg","jetpack_sharing_enabled":true,"_links":{"self":[{"href":"https:\/\/mediagroup.mx\/index.php\/wp-json\/wp\/v2\/posts\/44815","targetHints":{"allow":["GET"]}}],"collection":[{"href":"https:\/\/mediagroup.mx\/index.php\/wp-json\/wp\/v2\/posts"}],"about":[{"href":"https:\/\/mediagroup.mx\/index.php\/wp-json\/wp\/v2\/types\/post"}],"author":[{"embeddable":true,"href":"https:\/\/mediagroup.mx\/index.php\/wp-json\/wp\/v2\/users\/1"}],"replies":[{"embeddable":true,"href":"https:\/\/mediagroup.mx\/index.php\/wp-json\/wp\/v2\/comments?post=44815"}],"version-history":[{"count":0,"href":"https:\/\/mediagroup.mx\/index.php\/wp-json\/wp\/v2\/posts\/44815\/revisions"}],"wp:featuredmedia":[{"embeddable":true,"href":"https:\/\/mediagroup.mx\/index.php\/wp-json\/wp\/v2\/media\/44816"}],"wp:attachment":[{"href":"https:\/\/mediagroup.mx\/index.php\/wp-json\/wp\/v2\/media?parent=44815"}],"wp:term":[{"taxonomy":"category","embeddable":true,"href":"https:\/\/mediagroup.mx\/index.php\/wp-json\/wp\/v2\/categories?post=44815"},{"taxonomy":"post_tag","embeddable":true,"href":"https:\/\/mediagroup.mx\/index.php\/wp-json\/wp\/v2\/tags?post=44815"}],"curies":[{"name":"wp","href":"https:\/\/api.w.org\/{rel}","templated":true}]}}