{"id":44914,"date":"2023-06-26T20:03:31","date_gmt":"2023-06-26T20:03:31","guid":{"rendered":"https:\/\/new.mediagroup.mx\/index.php\/2023\/06\/26\/policia-morelia-recibe-aumento-salarial-del-10-por-ciento\/"},"modified":"2023-06-26T20:03:31","modified_gmt":"2023-06-26T20:03:31","slug":"policia-morelia-recibe-aumento-salarial-del-10-por-ciento","status":"publish","type":"post","link":"https:\/\/mediagroup.mx\/index.php\/2023\/06\/26\/policia-morelia-recibe-aumento-salarial-del-10-por-ciento\/","title":{"rendered":"Polic\u00eda Morelia recibe aumento salarial del 10 por ciento"},"content":{"rendered":"<p>La Polic\u00eda Morelia recibi\u00f3 un aumento salarial del 10 por ciento, lo cual ya se vio reflejado en la primera quincena del 2023, aunado a que ya hab\u00edan tenido otro similar en el 2022, sumando, en t\u00e9rminos reales, un aumento del 21 por ciento desde que inici\u00f3 esta administraci\u00f3n municipal, como inform\u00f3 el Ayuntamiento mediante un comunicado.<\/p>\n<p>De esta forma, se busca dignificar la labor de los polic\u00edas, reconociendo econ\u00f3micamente el esfuerzo y entrega que diariamente muestran al salir a las calles para establecer el orden en la ciudad.<\/p>\n<p>A la par, se ha avanzado en otorgar a todos los oficiales el seguro de vida del que antes carec\u00edan, facilitarles el acceso a cr\u00e9ditos, proporcionarles uniformes, equipamiento y veh\u00edculos dignos, adem\u00e1s de los reconocimientos a Polic\u00eda del Mes y Polic\u00eda del A\u00f1o, as\u00ed como el acceso al pr\u00f3ximo centro de atenci\u00f3n y recreaci\u00f3n \u201cCasa del Polic\u00eda\u201d.<\/p>\n<p>Por \u00faltimo, se precisa que de los 150 oficiales que se integren a la Polic\u00eda Morelia como parte de la Convocatoria de Reclutamiento 2023, \u00e9stos ya contar\u00e1n con dicho aumento desde el momento que se incorporen al servicio.<\/p>\n<p>Por: Jes\u00fas Gonz\u00e1lez<\/p>\n","protected":false},"excerpt":{"rendered":"<p>La Polic\u00eda Morelia recibi\u00f3 un aumento salarial del 10 por ciento, lo cual ya se vio reflejado en la primera quincena del 2023, aunado a que ya hab\u00edan tenido otro similar en el 2022, sumando, en t\u00e9rminos reales, un aumento del 21 por ciento desde que inici\u00f3 esta administraci\u00f3n municipal, como inform\u00f3 el Ayuntamiento mediante [&hellip;]<\/p>\n","protected":false},"author":1,"featured_media":44915,"comment_status":"open","ping_status":"open","sticky":false,"template":"","format":"standard","meta":{"om_disable_all_campaigns":false,"_monsterinsights_skip_tracking":false,"_monsterinsights_sitenote_active":false,"_monsterinsights_sitenote_note":"","_monsterinsights_sitenote_category":0,"_uf_show_specific_survey":0,"_uf_disable_surveys":false,"_jetpack_memberships_contains_paid_content":false,"footnotes":"","jetpack_publicize_message":"","jetpack_publicize_feature_enabled":true,"jetpack_social_post_already_shared":false,"jetpack_social_options":{"image_generator_settings":{"template":"highway","default_image_id":0,"enabled":false},"version":2}},"categories":[17],"tags":[],"class_list":{"0":"post-44914","1":"post","2":"type-post","3":"status-publish","4":"format-standard","5":"has-post-thumbnail","7":"category-morelia"},"aioseo_notices":[],"jetpack_publicize_connections":[],"jetpack_featured_media_url":"https:\/\/mediagroup.mx\/wp-content\/uploads\/2023\/06\/75D4528F-24B3-47AB-9392-6547765F3025.jpeg","jetpack_sharing_enabled":true,"_links":{"self":[{"href":"https:\/\/mediagroup.mx\/index.php\/wp-json\/wp\/v2\/posts\/44914","targetHints":{"allow":["GET"]}}],"collection":[{"href":"https:\/\/mediagroup.mx\/index.php\/wp-json\/wp\/v2\/posts"}],"about":[{"href":"https:\/\/mediagroup.mx\/index.php\/wp-json\/wp\/v2\/types\/post"}],"author":[{"embeddable":true,"href":"https:\/\/mediagroup.mx\/index.php\/wp-json\/wp\/v2\/users\/1"}],"replies":[{"embeddable":true,"href":"https:\/\/mediagroup.mx\/index.php\/wp-json\/wp\/v2\/comments?post=44914"}],"version-history":[{"count":0,"href":"https:\/\/mediagroup.mx\/index.php\/wp-json\/wp\/v2\/posts\/44914\/revisions"}],"wp:featuredmedia":[{"embeddable":true,"href":"https:\/\/mediagroup.mx\/index.php\/wp-json\/wp\/v2\/media\/44915"}],"wp:attachment":[{"href":"https:\/\/mediagroup.mx\/index.php\/wp-json\/wp\/v2\/media?parent=44914"}],"wp:term":[{"taxonomy":"category","embeddable":true,"href":"https:\/\/mediagroup.mx\/index.php\/wp-json\/wp\/v2\/categories?post=44914"},{"taxonomy":"post_tag","embeddable":true,"href":"https:\/\/mediagroup.mx\/index.php\/wp-json\/wp\/v2\/tags?post=44914"}],"curies":[{"name":"wp","href":"https:\/\/api.w.org\/{rel}","templated":true}]}}