{"id":44916,"date":"2023-06-26T20:03:48","date_gmt":"2023-06-26T20:03:48","guid":{"rendered":"https:\/\/new.mediagroup.mx\/index.php\/2023\/06\/26\/realizan-cambios-en-4-direcciones-del-ayuntamiento-de-morelia\/"},"modified":"2023-06-26T20:03:48","modified_gmt":"2023-06-26T20:03:48","slug":"realizan-cambios-en-4-direcciones-del-ayuntamiento-de-morelia","status":"publish","type":"post","link":"https:\/\/mediagroup.mx\/index.php\/2023\/06\/26\/realizan-cambios-en-4-direcciones-del-ayuntamiento-de-morelia\/","title":{"rendered":"Realizan cambios en 4 direcciones del Ayuntamiento de Morelia"},"content":{"rendered":"<p>El presidente municipal de Morelia, Alfonso Mart\u00ednez Alc\u00e1zar, llev\u00f3 a cabo 4 relevos institucionales en 2 Direcciones generales, 1 Direcci\u00f3n y 1 Secretar\u00eda T\u00e9cnica.<\/p>\n<p>De esta forma, quien se desempe\u00f1aba como director General del Colegio de Morelia, Jos\u00e9 Manuel \u00c1lvarez Lucio, asume la Direcci\u00f3n General del DIF en relevo de Agust\u00edn P\u00e1ramo Paredes, quien a su vez fue designado secretario T\u00e9cnico de la propia instituci\u00f3n.<\/p>\n<p>Como nuevo director General del Colegio de Morelia, fue nombrado Iv\u00e1n Barrales Alc\u00e1ntara, con experiencia dentro del sector educativo, su encomienda m\u00e1s reciente -en la funci\u00f3n p\u00fablica- era como Coordinador General de Planeaci\u00f3n y Evaluaci\u00f3n Educativa de la SEE.<\/p>\n<p>Finalmente, Mart\u00ednez Alc\u00e1zar design\u00f3 a F\u00e9lix Castelazo Villanueva como nuevo Director de Educaci\u00f3n de la Secretar\u00eda de Bien Com\u00fan y Pol\u00edtica Social.<\/p>\n","protected":false},"excerpt":{"rendered":"<p>El presidente municipal de Morelia, Alfonso Mart\u00ednez Alc\u00e1zar, llev\u00f3 a cabo 4 relevos institucionales en 2 Direcciones generales, 1 Direcci\u00f3n y 1 Secretar\u00eda T\u00e9cnica. De esta forma, quien se desempe\u00f1aba como director General del Colegio de Morelia, Jos\u00e9 Manuel \u00c1lvarez Lucio, asume la Direcci\u00f3n General del DIF en relevo de Agust\u00edn P\u00e1ramo Paredes, quien a [&hellip;]<\/p>\n","protected":false},"author":1,"featured_media":44917,"comment_status":"open","ping_status":"open","sticky":false,"template":"","format":"standard","meta":{"om_disable_all_campaigns":false,"_monsterinsights_skip_tracking":false,"_monsterinsights_sitenote_active":false,"_monsterinsights_sitenote_note":"","_monsterinsights_sitenote_category":0,"_uf_show_specific_survey":0,"_uf_disable_surveys":false,"_jetpack_memberships_contains_paid_content":false,"footnotes":"","jetpack_publicize_message":"","jetpack_publicize_feature_enabled":true,"jetpack_social_post_already_shared":false,"jetpack_social_options":{"image_generator_settings":{"template":"highway","default_image_id":0,"enabled":false},"version":2}},"categories":[28],"tags":[],"class_list":{"0":"post-44916","1":"post","2":"type-post","3":"status-publish","4":"format-standard","5":"has-post-thumbnail","7":"category-moreliaseguridad"},"aioseo_notices":[],"jetpack_publicize_connections":[],"jetpack_featured_media_url":"https:\/\/mediagroup.mx\/wp-content\/uploads\/2023\/06\/847C86A8-4727-4970-980D-6BC6F21F7C99.jpeg","jetpack_sharing_enabled":true,"_links":{"self":[{"href":"https:\/\/mediagroup.mx\/index.php\/wp-json\/wp\/v2\/posts\/44916","targetHints":{"allow":["GET"]}}],"collection":[{"href":"https:\/\/mediagroup.mx\/index.php\/wp-json\/wp\/v2\/posts"}],"about":[{"href":"https:\/\/mediagroup.mx\/index.php\/wp-json\/wp\/v2\/types\/post"}],"author":[{"embeddable":true,"href":"https:\/\/mediagroup.mx\/index.php\/wp-json\/wp\/v2\/users\/1"}],"replies":[{"embeddable":true,"href":"https:\/\/mediagroup.mx\/index.php\/wp-json\/wp\/v2\/comments?post=44916"}],"version-history":[{"count":0,"href":"https:\/\/mediagroup.mx\/index.php\/wp-json\/wp\/v2\/posts\/44916\/revisions"}],"wp:featuredmedia":[{"embeddable":true,"href":"https:\/\/mediagroup.mx\/index.php\/wp-json\/wp\/v2\/media\/44917"}],"wp:attachment":[{"href":"https:\/\/mediagroup.mx\/index.php\/wp-json\/wp\/v2\/media?parent=44916"}],"wp:term":[{"taxonomy":"category","embeddable":true,"href":"https:\/\/mediagroup.mx\/index.php\/wp-json\/wp\/v2\/categories?post=44916"},{"taxonomy":"post_tag","embeddable":true,"href":"https:\/\/mediagroup.mx\/index.php\/wp-json\/wp\/v2\/tags?post=44916"}],"curies":[{"name":"wp","href":"https:\/\/api.w.org\/{rel}","templated":true}]}}