{"id":44946,"date":"2023-06-26T20:03:58","date_gmt":"2023-06-26T20:03:58","guid":{"rendered":"https:\/\/new.mediagroup.mx\/index.php\/2023\/06\/26\/de-al-menos-tres-balazos-matan-a-taxista-en-pleno-centro-de-uruapan\/"},"modified":"2023-06-26T20:03:58","modified_gmt":"2023-06-26T20:03:58","slug":"de-al-menos-tres-balazos-matan-a-taxista-en-pleno-centro-de-uruapan","status":"publish","type":"post","link":"https:\/\/mediagroup.mx\/index.php\/2023\/06\/26\/de-al-menos-tres-balazos-matan-a-taxista-en-pleno-centro-de-uruapan\/","title":{"rendered":"De al menos tres balazos matan a taxista en pleno centro de Uruapan"},"content":{"rendered":"<p>Un taxista fue acribillado a balazos a bordo de su unidad de trabajo, en pleno Centro de la Ciudad de Uruapan, a manos de delincuentes que tras perpetrar el crimen huyeron a toda velocidad a bordo de una motocicleta.<\/p>\n<p>El hecho violento fue reportado cerca de las 15:30 horas de este mi\u00e9rcoles, cuando v\u00edctima circulaba sobre la calle Obreg\u00f3n, a unos metros de la P\u00e9rgola Municipal y se estacion\u00f3 entre las vialidades de 5 de Febrero y Aldama, hasta donde arribaron los empistolados y comenzaron a disparar en su contra.<\/p>\n<p>Las detonaciones fueron escuchadas por varias personas que en ese momento se encontraban en la zona, mismas que pidieron ayuda al servicio de emergencias, indicando que hab\u00eda una persona baleada.<\/p>\n<p>Al lugar arribaron elementos de la Polic\u00eda Municipal, Guardia Nacional, Guardia Civil, as\u00ed como los param\u00e9dicos de ERAV y de Protecci\u00f3n Civil, quienes confirmaron la muerte del conductor de un taxi de la organizaci\u00f3n \u00abCoordinados\u201d, un tipo Atos, con n\u00famero econ\u00f3mico 8 y placas 67-20-LCT.<\/p>\n<p>A simple vista el ahora occiso presentaba al menos 5 impactos de proyectil de arma de fuego en la cabeza y el t\u00f3rax, de \u00e9l se ignora su identidad, se trata de un hombre de entre 65 y 70 a\u00f1os de edad.<\/p>\n<p>Hasta la escena del crimen se presentaron los agentes y peritos de la Fiscal\u00eda Regional de Justicia, quienes realizaron la recolecci\u00f3n de indicios y de testimonios para dar comienzo a la correspondiente carpeta de investigaci\u00f3n.<\/p>\n","protected":false},"excerpt":{"rendered":"<p>Un taxista fue acribillado a balazos a bordo de su unidad de trabajo, en pleno Centro de la Ciudad de Uruapan, a manos de delincuentes que tras perpetrar el crimen huyeron a toda velocidad a bordo de una motocicleta. El hecho violento fue reportado cerca de las 15:30 horas de este mi\u00e9rcoles, cuando v\u00edctima circulaba [&hellip;]<\/p>\n","protected":false},"author":1,"featured_media":44947,"comment_status":"open","ping_status":"open","sticky":false,"template":"","format":"standard","meta":{"om_disable_all_campaigns":false,"_monsterinsights_skip_tracking":false,"_monsterinsights_sitenote_active":false,"_monsterinsights_sitenote_note":"","_monsterinsights_sitenote_category":0,"_uf_show_specific_survey":0,"_uf_disable_surveys":false,"_jetpack_memberships_contains_paid_content":false,"footnotes":"","jetpack_publicize_message":"","jetpack_publicize_feature_enabled":true,"jetpack_social_post_already_shared":false,"jetpack_social_options":{"image_generator_settings":{"template":"highway","default_image_id":0,"enabled":false},"version":2}},"categories":[24],"tags":[],"class_list":{"0":"post-44946","1":"post","2":"type-post","3":"status-publish","4":"format-standard","5":"has-post-thumbnail","7":"category-seguridad"},"aioseo_notices":[],"jetpack_publicize_connections":[],"jetpack_featured_media_url":"https:\/\/mediagroup.mx\/wp-content\/uploads\/2023\/06\/4D26694B-8D43-4BC6-B25D-B5DECB8EC7AE.jpeg","jetpack_sharing_enabled":true,"_links":{"self":[{"href":"https:\/\/mediagroup.mx\/index.php\/wp-json\/wp\/v2\/posts\/44946","targetHints":{"allow":["GET"]}}],"collection":[{"href":"https:\/\/mediagroup.mx\/index.php\/wp-json\/wp\/v2\/posts"}],"about":[{"href":"https:\/\/mediagroup.mx\/index.php\/wp-json\/wp\/v2\/types\/post"}],"author":[{"embeddable":true,"href":"https:\/\/mediagroup.mx\/index.php\/wp-json\/wp\/v2\/users\/1"}],"replies":[{"embeddable":true,"href":"https:\/\/mediagroup.mx\/index.php\/wp-json\/wp\/v2\/comments?post=44946"}],"version-history":[{"count":0,"href":"https:\/\/mediagroup.mx\/index.php\/wp-json\/wp\/v2\/posts\/44946\/revisions"}],"wp:featuredmedia":[{"embeddable":true,"href":"https:\/\/mediagroup.mx\/index.php\/wp-json\/wp\/v2\/media\/44947"}],"wp:attachment":[{"href":"https:\/\/mediagroup.mx\/index.php\/wp-json\/wp\/v2\/media?parent=44946"}],"wp:term":[{"taxonomy":"category","embeddable":true,"href":"https:\/\/mediagroup.mx\/index.php\/wp-json\/wp\/v2\/categories?post=44946"},{"taxonomy":"post_tag","embeddable":true,"href":"https:\/\/mediagroup.mx\/index.php\/wp-json\/wp\/v2\/tags?post=44946"}],"curies":[{"name":"wp","href":"https:\/\/api.w.org\/{rel}","templated":true}]}}