{"id":45903,"date":"2023-06-26T20:42:23","date_gmt":"2023-06-26T20:42:23","guid":{"rendered":"https:\/\/new.mediagroup.mx\/index.php\/2023\/06\/26\/este-5-de-enero-llegaran-los-reyes-magos-a-morelia-en-una-cabalgata-por-la-avenida-madero-2\/"},"modified":"2023-06-26T20:42:23","modified_gmt":"2023-06-26T20:42:23","slug":"este-5-de-enero-llegaran-los-reyes-magos-a-morelia-en-una-cabalgata-por-la-avenida-madero-2","status":"publish","type":"post","link":"https:\/\/mediagroup.mx\/index.php\/2023\/06\/26\/este-5-de-enero-llegaran-los-reyes-magos-a-morelia-en-una-cabalgata-por-la-avenida-madero-2\/","title":{"rendered":"Este 5 de enero, llegar\u00e1n los Reyes Magos a Morelia en una cabalgata por la Avenida Madero"},"content":{"rendered":"<p>Este 5 de enero se realizar\u00e1 24\u00aa Cabalgata de los Reyes Magos en la ciudad de Morelia, para lo que el DIF Municipal, de la mano con el Arzobispado, ha preparado una serie de actividades partiendo desde la Plaza Morelos, donde se oficiar\u00e1 la eucarist\u00eda, para continuar frente a Catedral, donde se les dar\u00e1 la bienvenida a los Reyes Magos.<\/p>\n<p>El presb\u00edtero Jos\u00e9 del C\u00e1rcamo Cervantes, p\u00e1rroco del Santuario del Santo Ni\u00f1o de la Salud, inform\u00f3 que la misa ser\u00e1 en la Plaza Jard\u00edn Morelos a cargo del arzobispo a las 5:00 de la tarde, adem\u00e1s de que en la bienvenida de los sabios de Oriente, el presidente municipal Alfonso Mart\u00ednez Alc\u00e1zar los nombrar\u00e1 hu\u00e9spedes distinguidos y les entregar\u00e1 las llaves de la ciudad.<\/p>\n<p>A su vez, el director del DIF, Agust\u00edn P\u00e1ramo Paredes, agreg\u00f3 que aunado a ello cortar\u00e1n la rosca de reyes, con un total de 6 mil rebanadas para repartir, elaboradas por la C\u00e1mara Nacional de la Industria Panificadora y Similares de M\u00e9xico (CANAINPA), con mil mu\u00f1equitos, los cuales ser\u00e1n canjeables por un obsequio en la Plaza de Armas, durante el evento.<\/p>\n<p>Por: Jes\u00fas Gonz\u00e1lez<\/p>\n","protected":false},"excerpt":{"rendered":"<p>Este 5 de enero se realizar\u00e1 24\u00aa Cabalgata de los Reyes Magos en la ciudad de Morelia, para lo que el DIF Municipal, de la mano con el Arzobispado, ha preparado una serie de actividades partiendo desde la Plaza Morelos, donde se oficiar\u00e1 la eucarist\u00eda, para continuar frente a Catedral, donde se les dar\u00e1 la [&hellip;]<\/p>\n","protected":false},"author":1,"featured_media":44631,"comment_status":"open","ping_status":"open","sticky":false,"template":"","format":"standard","meta":{"om_disable_all_campaigns":false,"_monsterinsights_skip_tracking":false,"_monsterinsights_sitenote_active":false,"_monsterinsights_sitenote_note":"","_monsterinsights_sitenote_category":0,"_uf_show_specific_survey":0,"_uf_disable_surveys":false,"_jetpack_memberships_contains_paid_content":false,"footnotes":"","jetpack_publicize_message":"","jetpack_publicize_feature_enabled":true,"jetpack_social_post_already_shared":false,"jetpack_social_options":{"image_generator_settings":{"template":"highway","default_image_id":0,"enabled":false},"version":2}},"categories":[17],"tags":[],"class_list":{"0":"post-45903","1":"post","2":"type-post","3":"status-publish","4":"format-standard","5":"has-post-thumbnail","7":"category-morelia"},"aioseo_notices":[],"jetpack_publicize_connections":[],"jetpack_featured_media_url":"https:\/\/mediagroup.mx\/wp-content\/uploads\/2023\/06\/DE8BDB16-06DC-4591-BDB0-A0D6AFFA9EC7.jpeg","jetpack_sharing_enabled":true,"_links":{"self":[{"href":"https:\/\/mediagroup.mx\/index.php\/wp-json\/wp\/v2\/posts\/45903","targetHints":{"allow":["GET"]}}],"collection":[{"href":"https:\/\/mediagroup.mx\/index.php\/wp-json\/wp\/v2\/posts"}],"about":[{"href":"https:\/\/mediagroup.mx\/index.php\/wp-json\/wp\/v2\/types\/post"}],"author":[{"embeddable":true,"href":"https:\/\/mediagroup.mx\/index.php\/wp-json\/wp\/v2\/users\/1"}],"replies":[{"embeddable":true,"href":"https:\/\/mediagroup.mx\/index.php\/wp-json\/wp\/v2\/comments?post=45903"}],"version-history":[{"count":0,"href":"https:\/\/mediagroup.mx\/index.php\/wp-json\/wp\/v2\/posts\/45903\/revisions"}],"wp:featuredmedia":[{"embeddable":true,"href":"https:\/\/mediagroup.mx\/index.php\/wp-json\/wp\/v2\/media\/44631"}],"wp:attachment":[{"href":"https:\/\/mediagroup.mx\/index.php\/wp-json\/wp\/v2\/media?parent=45903"}],"wp:term":[{"taxonomy":"category","embeddable":true,"href":"https:\/\/mediagroup.mx\/index.php\/wp-json\/wp\/v2\/categories?post=45903"},{"taxonomy":"post_tag","embeddable":true,"href":"https:\/\/mediagroup.mx\/index.php\/wp-json\/wp\/v2\/tags?post=45903"}],"curies":[{"name":"wp","href":"https:\/\/api.w.org\/{rel}","templated":true}]}}