{"id":45904,"date":"2023-06-26T20:42:23","date_gmt":"2023-06-26T20:42:23","guid":{"rendered":"https:\/\/new.mediagroup.mx\/index.php\/2023\/06\/26\/localizan-cadaver-calcinado-en-predio-de-apatzingan-2\/"},"modified":"2023-06-26T20:42:23","modified_gmt":"2023-06-26T20:42:23","slug":"localizan-cadaver-calcinado-en-predio-de-apatzingan-2","status":"publish","type":"post","link":"https:\/\/mediagroup.mx\/index.php\/2023\/06\/26\/localizan-cadaver-calcinado-en-predio-de-apatzingan-2\/","title":{"rendered":"Localizan cad\u00e1ver calcinado en predio de Apatzing\u00e1n"},"content":{"rendered":"<p>El cuerpo sin vida, calcinado y con huellas de violencia de un hombre fue localizado tirado en un predio r\u00fastico, de la periferia de esta demarcaci\u00f3n de Apatzing\u00e1n, Se presumen que la v\u00edctima ser\u00eda una persona que previamente fue reportada como desaparecida.<\/p>\n<p>Trascendi\u00f3 que cerca de las 15:00 horas el personal de Seguridad P\u00fablica se encontraba realizando patrullajes preventivos, cuando fueron informados de que, en el Ejido de Puertecitos, en la localidad del mismo nombre se encontraba un cad\u00e1ver carbonizado.<\/p>\n<p>Por lo anterior, los uniformados se trasladaron hasta el sitio en menci\u00f3n, donde tirado entre la maleza y a un costado de una brecha, efectivamente hallaron al agraviado asesinado, por lo que acordonaron el \u00e1rea y solicitaron la intervenci\u00f3n de la Fiscal\u00eda General del Estado.<\/p>\n<p>Un grupo interdisciplinario de agentes y peritos de la Unidad de Servicios Periciales y Escena del Crimen se hizo cargo de efectuar la recolecci\u00f3n de evidencias, as\u00ed como el levantamiento del cuerpo, para su posterior traslado al Semefo de la regi\u00f3n, para determinar las probables causas del deceso.<\/p>\n<p>Por los indicios recabados por las autoridades, se presume que se tratar\u00eda de Benjam\u00edn C., de 37 a\u00f1os de edad, el cual fue reportado como desaparecido el pasado 29 de diciembre, sin embargo, esta situaci\u00f3n habr\u00e1 de ser confirmada por las instancias competentes, una vez que se realicen los correspondientes ex\u00e1menes.<\/p>\n","protected":false},"excerpt":{"rendered":"<p>El cuerpo sin vida, calcinado y con huellas de violencia de un hombre fue localizado tirado en un predio r\u00fastico, de la periferia de esta demarcaci\u00f3n de Apatzing\u00e1n, Se presumen que la v\u00edctima ser\u00eda una persona que previamente fue reportada como desaparecida. Trascendi\u00f3 que cerca de las 15:00 horas el personal de Seguridad P\u00fablica se [&hellip;]<\/p>\n","protected":false},"author":1,"featured_media":44633,"comment_status":"open","ping_status":"open","sticky":false,"template":"","format":"standard","meta":{"om_disable_all_campaigns":false,"_monsterinsights_skip_tracking":false,"_monsterinsights_sitenote_active":false,"_monsterinsights_sitenote_note":"","_monsterinsights_sitenote_category":0,"_uf_show_specific_survey":0,"_uf_disable_surveys":false,"_jetpack_memberships_contains_paid_content":false,"footnotes":"","jetpack_publicize_message":"","jetpack_publicize_feature_enabled":true,"jetpack_social_post_already_shared":false,"jetpack_social_options":{"image_generator_settings":{"template":"highway","default_image_id":0,"enabled":false},"version":2}},"categories":[24],"tags":[],"class_list":{"0":"post-45904","1":"post","2":"type-post","3":"status-publish","4":"format-standard","5":"has-post-thumbnail","7":"category-seguridad"},"aioseo_notices":[],"jetpack_publicize_connections":[],"jetpack_featured_media_url":"https:\/\/mediagroup.mx\/wp-content\/uploads\/2023\/06\/7631B1EA-722A-426A-9C85-FBBB7B0C7D90.jpeg","jetpack_sharing_enabled":true,"_links":{"self":[{"href":"https:\/\/mediagroup.mx\/index.php\/wp-json\/wp\/v2\/posts\/45904","targetHints":{"allow":["GET"]}}],"collection":[{"href":"https:\/\/mediagroup.mx\/index.php\/wp-json\/wp\/v2\/posts"}],"about":[{"href":"https:\/\/mediagroup.mx\/index.php\/wp-json\/wp\/v2\/types\/post"}],"author":[{"embeddable":true,"href":"https:\/\/mediagroup.mx\/index.php\/wp-json\/wp\/v2\/users\/1"}],"replies":[{"embeddable":true,"href":"https:\/\/mediagroup.mx\/index.php\/wp-json\/wp\/v2\/comments?post=45904"}],"version-history":[{"count":0,"href":"https:\/\/mediagroup.mx\/index.php\/wp-json\/wp\/v2\/posts\/45904\/revisions"}],"wp:featuredmedia":[{"embeddable":true,"href":"https:\/\/mediagroup.mx\/index.php\/wp-json\/wp\/v2\/media\/44633"}],"wp:attachment":[{"href":"https:\/\/mediagroup.mx\/index.php\/wp-json\/wp\/v2\/media?parent=45904"}],"wp:term":[{"taxonomy":"category","embeddable":true,"href":"https:\/\/mediagroup.mx\/index.php\/wp-json\/wp\/v2\/categories?post=45904"},{"taxonomy":"post_tag","embeddable":true,"href":"https:\/\/mediagroup.mx\/index.php\/wp-json\/wp\/v2\/tags?post=45904"}],"curies":[{"name":"wp","href":"https:\/\/api.w.org\/{rel}","templated":true}]}}