{"id":45905,"date":"2023-06-26T20:42:23","date_gmt":"2023-06-26T20:42:23","guid":{"rendered":"https:\/\/new.mediagroup.mx\/index.php\/2023\/06\/26\/bellver-obra-grafica-vive-sus-ultimas-semanas-en-el-centro-cultural-antiguo-colegio-jesuita-2\/"},"modified":"2023-06-26T20:42:23","modified_gmt":"2023-06-26T20:42:23","slug":"bellver-obra-grafica-vive-sus-ultimas-semanas-en-el-centro-cultural-antiguo-colegio-jesuita-2","status":"publish","type":"post","link":"https:\/\/mediagroup.mx\/index.php\/2023\/06\/26\/bellver-obra-grafica-vive-sus-ultimas-semanas-en-el-centro-cultural-antiguo-colegio-jesuita-2\/","title":{"rendered":"\u201cBellver, obra gr\u00e1fica\u201d vive sus \u00faltimas semanas en el Centro Cultural Antiguo Colegio Jesuita"},"content":{"rendered":"<p>El madrile\u00f1o ganador del Premio Nacional de Grafica en 2008, Fernando Bellver, expone por \u00faltimas semanas su m\u00e1s reciente trabajo \u201cBellver, obra gr\u00e1fica\u201d en la bella sala Alfredo Zalce del Centro Cultural Antiguo Colegio Jesuita ubicado en P\u00e1tzcuaro Michoac\u00e1n.<\/p>\n<p>Con el apoyo de la Secretaria de Cultura del Estado, el estilo figurativo caracter\u00edstico del autor, se expone en obras de mediano formato detallado por una fuerte inspiraci\u00f3n en el dibujo, no exento de una cr\u00edtica social, factor muy utilizado por Bellver.<\/p>\n<p>Fernando, que ha expuesto en galer\u00edas y museos de todas partes del mundo creando una iconograf\u00eda nutrida de imagen influenciada por la historia del arte trastornada a una corriente consumista y comercial, tendr\u00e1 hasta el 30 de enero del presente a\u00f1o, este trabajo incre\u00edble conformado por 33 obras graficas.<\/p>\n<p>&nbsp;<\/p>\n<p>Por: Jes\u00fas Gonz\u00e1lez<\/p>\n","protected":false},"excerpt":{"rendered":"<p>El madrile\u00f1o ganador del Premio Nacional de Grafica en 2008, Fernando Bellver, expone por \u00faltimas semanas su m\u00e1s reciente trabajo \u201cBellver, obra gr\u00e1fica\u201d en la bella sala Alfredo Zalce del Centro Cultural Antiguo Colegio Jesuita ubicado en P\u00e1tzcuaro Michoac\u00e1n. Con el apoyo de la Secretaria de Cultura del Estado, el estilo figurativo caracter\u00edstico del autor, [&hellip;]<\/p>\n","protected":false},"author":1,"featured_media":44635,"comment_status":"open","ping_status":"open","sticky":false,"template":"","format":"standard","meta":{"om_disable_all_campaigns":false,"_monsterinsights_skip_tracking":false,"_monsterinsights_sitenote_active":false,"_monsterinsights_sitenote_note":"","_monsterinsights_sitenote_category":0,"_uf_show_specific_survey":0,"_uf_disable_surveys":false,"_jetpack_memberships_contains_paid_content":false,"footnotes":"","jetpack_publicize_message":"","jetpack_publicize_feature_enabled":true,"jetpack_social_post_already_shared":false,"jetpack_social_options":{"image_generator_settings":{"template":"highway","default_image_id":0,"enabled":false},"version":2}},"categories":[25],"tags":[],"class_list":{"0":"post-45905","1":"post","2":"type-post","3":"status-publish","4":"format-standard","5":"has-post-thumbnail","7":"category-cultura"},"aioseo_notices":[],"jetpack_publicize_connections":[],"jetpack_featured_media_url":"https:\/\/mediagroup.mx\/wp-content\/uploads\/2023\/06\/34C898EA-7A1B-4264-AC11-6422A20A7499.jpeg","jetpack_sharing_enabled":true,"_links":{"self":[{"href":"https:\/\/mediagroup.mx\/index.php\/wp-json\/wp\/v2\/posts\/45905","targetHints":{"allow":["GET"]}}],"collection":[{"href":"https:\/\/mediagroup.mx\/index.php\/wp-json\/wp\/v2\/posts"}],"about":[{"href":"https:\/\/mediagroup.mx\/index.php\/wp-json\/wp\/v2\/types\/post"}],"author":[{"embeddable":true,"href":"https:\/\/mediagroup.mx\/index.php\/wp-json\/wp\/v2\/users\/1"}],"replies":[{"embeddable":true,"href":"https:\/\/mediagroup.mx\/index.php\/wp-json\/wp\/v2\/comments?post=45905"}],"version-history":[{"count":0,"href":"https:\/\/mediagroup.mx\/index.php\/wp-json\/wp\/v2\/posts\/45905\/revisions"}],"wp:featuredmedia":[{"embeddable":true,"href":"https:\/\/mediagroup.mx\/index.php\/wp-json\/wp\/v2\/media\/44635"}],"wp:attachment":[{"href":"https:\/\/mediagroup.mx\/index.php\/wp-json\/wp\/v2\/media?parent=45905"}],"wp:term":[{"taxonomy":"category","embeddable":true,"href":"https:\/\/mediagroup.mx\/index.php\/wp-json\/wp\/v2\/categories?post=45905"},{"taxonomy":"post_tag","embeddable":true,"href":"https:\/\/mediagroup.mx\/index.php\/wp-json\/wp\/v2\/tags?post=45905"}],"curies":[{"name":"wp","href":"https:\/\/api.w.org\/{rel}","templated":true}]}}