{"id":45912,"date":"2023-06-26T20:42:26","date_gmt":"2023-06-26T20:42:26","guid":{"rendered":"https:\/\/new.mediagroup.mx\/index.php\/2023\/06\/26\/diputada-erendira-isauro-propone-que-por-ley-homofobia-y-misoginia-sean-consideradas-discriminacion-2\/"},"modified":"2023-06-26T20:42:26","modified_gmt":"2023-06-26T20:42:26","slug":"diputada-erendira-isauro-propone-que-por-ley-homofobia-y-misoginia-sean-consideradas-discriminacion-2","status":"publish","type":"post","link":"https:\/\/mediagroup.mx\/index.php\/2023\/06\/26\/diputada-erendira-isauro-propone-que-por-ley-homofobia-y-misoginia-sean-consideradas-discriminacion-2\/","title":{"rendered":"Diputada Er\u00e9ndira Isauro propone que por ley homofobia y misoginia sean consideradas discriminaci\u00f3n"},"content":{"rendered":"<p style=\"text-align: justify;\">La diputada Er\u00e9ndira Isauro Hern\u00e1ndez propuso ante el pleno del Congreso de Michoac\u00e1n, reformar la Ley Para Prevenir y Eliminar la Discriminaci\u00f3n y la Violencia con el fin de que se consideren como discriminaci\u00f3n la homofobia y la misoginia<\/p>\n<p style=\"text-align: justify;\">La diputada originaria de Paracho se\u00f1al\u00f3 que actualmente no se contempla este supuesto, por lo que indic\u00f3 que es necesario homologar a Michoac\u00e1n acorde a la ley Federal en donde se establece como discriminaci\u00f3n la homofobia, misoginia, cualquier manifestaci\u00f3n de xenofobia, segregaci\u00f3n racial y otras formas de intolerancia.<\/p>\n<p style=\"text-align: justify;\">Argument\u00f3 que a finales del a\u00f1o 2021, se tuvo un registro en M\u00e9xico de 87 cr\u00edmenes de odio, ocurridos en Baja California; Chihuahua; Ciudad de M\u00e9xico; Guerrero; Jalisco; Nuevo Le\u00f3n; Veracruz y en Michoac\u00e1n.<\/p>\n<p style=\"text-align: justify;\">Adem\u00e1s indic\u00f3 que se debe establecer como discriminaci\u00f3n la homofobia y la misoginia porque todos los hombres y mujeres nacen libres e iguales en dignidad, derechos y ante la Ley.<\/p>\n<p style=\"text-align: justify;\">Subray\u00f3 que se debe consolidar el r\u00e9gimen de la libertad personal y de justicia social fundado en el respeto de los derechos esenciales del hombre, una sociedad pluralista y democr\u00e1tica que respete raza, el color, sexo, condici\u00f3n social, el linaje, el origen nacional o \u00e9tnico de toda persona, pertenezca o no a una minor\u00eda y crear condiciones necesarias que le permitan expresar, preservar y desarrollar su identidad.<\/p>\n<p>Por: Miguel Santos<\/p>\n","protected":false},"excerpt":{"rendered":"<p>La diputada Er\u00e9ndira Isauro Hern\u00e1ndez propuso ante el pleno del Congreso de Michoac\u00e1n, reformar la Ley Para Prevenir y Eliminar la Discriminaci\u00f3n y la Violencia con el fin de que se consideren como discriminaci\u00f3n la homofobia y la misoginia La diputada originaria de Paracho se\u00f1al\u00f3 que actualmente no se contempla este supuesto, por lo que [&hellip;]<\/p>\n","protected":false},"author":1,"featured_media":44649,"comment_status":"open","ping_status":"open","sticky":false,"template":"","format":"standard","meta":{"om_disable_all_campaigns":false,"_monsterinsights_skip_tracking":false,"_monsterinsights_sitenote_active":false,"_monsterinsights_sitenote_note":"","_monsterinsights_sitenote_category":0,"_uf_show_specific_survey":0,"_uf_disable_surveys":false,"_jetpack_memberships_contains_paid_content":false,"footnotes":"","jetpack_publicize_message":"","jetpack_publicize_feature_enabled":true,"jetpack_social_post_already_shared":false,"jetpack_social_options":{"image_generator_settings":{"template":"highway","default_image_id":0,"enabled":false},"version":2}},"categories":[15],"tags":[],"class_list":{"0":"post-45912","1":"post","2":"type-post","3":"status-publish","4":"format-standard","5":"has-post-thumbnail","7":"category-michoacan"},"aioseo_notices":[],"jetpack_publicize_connections":[],"jetpack_featured_media_url":"https:\/\/mediagroup.mx\/wp-content\/uploads\/2023\/06\/WhatsApp-Image-2022-12-02-at-3.05.53-PM.jpeg","jetpack_sharing_enabled":true,"_links":{"self":[{"href":"https:\/\/mediagroup.mx\/index.php\/wp-json\/wp\/v2\/posts\/45912","targetHints":{"allow":["GET"]}}],"collection":[{"href":"https:\/\/mediagroup.mx\/index.php\/wp-json\/wp\/v2\/posts"}],"about":[{"href":"https:\/\/mediagroup.mx\/index.php\/wp-json\/wp\/v2\/types\/post"}],"author":[{"embeddable":true,"href":"https:\/\/mediagroup.mx\/index.php\/wp-json\/wp\/v2\/users\/1"}],"replies":[{"embeddable":true,"href":"https:\/\/mediagroup.mx\/index.php\/wp-json\/wp\/v2\/comments?post=45912"}],"version-history":[{"count":0,"href":"https:\/\/mediagroup.mx\/index.php\/wp-json\/wp\/v2\/posts\/45912\/revisions"}],"wp:featuredmedia":[{"embeddable":true,"href":"https:\/\/mediagroup.mx\/index.php\/wp-json\/wp\/v2\/media\/44649"}],"wp:attachment":[{"href":"https:\/\/mediagroup.mx\/index.php\/wp-json\/wp\/v2\/media?parent=45912"}],"wp:term":[{"taxonomy":"category","embeddable":true,"href":"https:\/\/mediagroup.mx\/index.php\/wp-json\/wp\/v2\/categories?post=45912"},{"taxonomy":"post_tag","embeddable":true,"href":"https:\/\/mediagroup.mx\/index.php\/wp-json\/wp\/v2\/tags?post=45912"}],"curies":[{"name":"wp","href":"https:\/\/api.w.org\/{rel}","templated":true}]}}