{"id":45916,"date":"2023-06-26T20:42:26","date_gmt":"2023-06-26T20:42:26","guid":{"rendered":"https:\/\/new.mediagroup.mx\/index.php\/2023\/06\/26\/en-manos-del-senado-aprobar-o-no-dictamen-para-aumentar-vacaciones-en-mexico-diputado-reyes-cosari-2\/"},"modified":"2023-06-26T20:42:26","modified_gmt":"2023-06-26T20:42:26","slug":"en-manos-del-senado-aprobar-o-no-dictamen-para-aumentar-vacaciones-en-mexico-diputado-reyes-cosari-2","status":"publish","type":"post","link":"https:\/\/mediagroup.mx\/index.php\/2023\/06\/26\/en-manos-del-senado-aprobar-o-no-dictamen-para-aumentar-vacaciones-en-mexico-diputado-reyes-cosari-2\/","title":{"rendered":"En manos del Senado aprobar o no dictamen para aumentar vacaciones en M\u00e9xico: Diputado Reyes Cosari"},"content":{"rendered":"<p style=\"text-align: justify;\">El diputado morenista Roberto Reyes Cosari declar\u00f3 que actualmente est\u00e1 en la cancha del Senado de la Rep\u00fablica el aprobar o no el nuevo dictamen realizado por la C\u00e1mara de Diputados para aumentar las vacaciones en M\u00e9xico de 6 a 12 d\u00edas en los t\u00e9rminos que determin\u00f3 la Comisi\u00f3n de Trabajo y Previsi\u00f3n Social en la C\u00e1mara Baja del Congreso de la Uni\u00f3n.<\/p>\n<p style=\"text-align: justify;\">\n<p style=\"text-align: justify;\">El diputado presidente de la Comisi\u00f3n de Trabajo y Previsi\u00f3n Social en el Congreso de Michoac\u00e1n indic\u00f3 que el primer dictamen realizado por el Senado en el que se daban 12 d\u00edas continuos de vacaciones a los trabajadores era una excelente iniciativa, por lo que indic\u00f3 que habr\u00e1 que esperar que los senadores tomen la \u00faltima decisi\u00f3n de modificarlo de nueva cuenta o aprobarlo en los terminos actuales, en donde ser\u00e1 el patr\u00f3n el que decida c\u00f3mo se pueden disponer los 6 d\u00edas adicionales de vacaciones.<\/p>\n<p>&nbsp;<\/p>\n<p style=\"text-align: justify;\">Finalmente, a\u00f1adi\u00f3 que, a pesar de la pol\u00e9mica generada por este \u00faltimo dictamen al haber sido modificado por los diputados morenistas, el tema de los 12 d\u00edas de vacaciones fue iniciativa de MORENA.<\/p>\n<p>Por: Miguel Santos<\/p>\n","protected":false},"excerpt":{"rendered":"<p>El diputado morenista Roberto Reyes Cosari declar\u00f3 que actualmente est\u00e1 en la cancha del Senado de la Rep\u00fablica el aprobar o no el nuevo dictamen realizado por la C\u00e1mara de Diputados para aumentar las vacaciones en M\u00e9xico de 6 a 12 d\u00edas en los t\u00e9rminos que determin\u00f3 la Comisi\u00f3n de Trabajo y Previsi\u00f3n Social en [&hellip;]<\/p>\n","protected":false},"author":1,"featured_media":44657,"comment_status":"open","ping_status":"open","sticky":false,"template":"","format":"standard","meta":{"om_disable_all_campaigns":false,"_monsterinsights_skip_tracking":false,"_monsterinsights_sitenote_active":false,"_monsterinsights_sitenote_note":"","_monsterinsights_sitenote_category":0,"_uf_show_specific_survey":0,"_uf_disable_surveys":false,"_jetpack_memberships_contains_paid_content":false,"footnotes":"","jetpack_publicize_message":"","jetpack_publicize_feature_enabled":true,"jetpack_social_post_already_shared":false,"jetpack_social_options":{"image_generator_settings":{"template":"highway","default_image_id":0,"enabled":false},"version":2}},"categories":[15],"tags":[],"class_list":{"0":"post-45916","1":"post","2":"type-post","3":"status-publish","4":"format-standard","5":"has-post-thumbnail","7":"category-michoacan"},"aioseo_notices":[],"jetpack_publicize_connections":[],"jetpack_featured_media_url":"https:\/\/mediagroup.mx\/wp-content\/uploads\/2023\/06\/WhatsApp-Image-2022-12-07-at-2.58.13-PM.jpeg","jetpack_sharing_enabled":true,"_links":{"self":[{"href":"https:\/\/mediagroup.mx\/index.php\/wp-json\/wp\/v2\/posts\/45916","targetHints":{"allow":["GET"]}}],"collection":[{"href":"https:\/\/mediagroup.mx\/index.php\/wp-json\/wp\/v2\/posts"}],"about":[{"href":"https:\/\/mediagroup.mx\/index.php\/wp-json\/wp\/v2\/types\/post"}],"author":[{"embeddable":true,"href":"https:\/\/mediagroup.mx\/index.php\/wp-json\/wp\/v2\/users\/1"}],"replies":[{"embeddable":true,"href":"https:\/\/mediagroup.mx\/index.php\/wp-json\/wp\/v2\/comments?post=45916"}],"version-history":[{"count":0,"href":"https:\/\/mediagroup.mx\/index.php\/wp-json\/wp\/v2\/posts\/45916\/revisions"}],"wp:featuredmedia":[{"embeddable":true,"href":"https:\/\/mediagroup.mx\/index.php\/wp-json\/wp\/v2\/media\/44657"}],"wp:attachment":[{"href":"https:\/\/mediagroup.mx\/index.php\/wp-json\/wp\/v2\/media?parent=45916"}],"wp:term":[{"taxonomy":"category","embeddable":true,"href":"https:\/\/mediagroup.mx\/index.php\/wp-json\/wp\/v2\/categories?post=45916"},{"taxonomy":"post_tag","embeddable":true,"href":"https:\/\/mediagroup.mx\/index.php\/wp-json\/wp\/v2\/tags?post=45916"}],"curies":[{"name":"wp","href":"https:\/\/api.w.org\/{rel}","templated":true}]}}