{"id":45918,"date":"2023-06-26T20:42:26","date_gmt":"2023-06-26T20:42:26","guid":{"rendered":"https:\/\/new.mediagroup.mx\/index.php\/2023\/06\/26\/diputada-adriana-hernandez-impulsara-proyecto-de-elevador-en-el-congreso-para-fomentar-la-inclusion-2\/"},"modified":"2023-06-26T20:42:26","modified_gmt":"2023-06-26T20:42:26","slug":"diputada-adriana-hernandez-impulsara-proyecto-de-elevador-en-el-congreso-para-fomentar-la-inclusion-2","status":"publish","type":"post","link":"https:\/\/mediagroup.mx\/index.php\/2023\/06\/26\/diputada-adriana-hernandez-impulsara-proyecto-de-elevador-en-el-congreso-para-fomentar-la-inclusion-2\/","title":{"rendered":"Diputada Adriana Hern\u00e1ndez impulsar\u00e1 proyecto de elevador en el Congreso para fomentar la inclusi\u00f3n"},"content":{"rendered":"<p style=\"text-align: justify;\">La diputada Adriana Hern\u00e1ndez I\u00f1iguez se\u00f1al\u00f3 que, en conjunto con la presidenta del Congreso de Michoac\u00e1n, Julieta Garc\u00eda Zepeda, buscar\u00e1 que esta legislatura no termine sin que se realice la construcci\u00f3n del elevador para poder acceder al segundo piso del Palacio Legislativo.<\/p>\n<p style=\"text-align: justify;\">\nSe\u00f1al\u00f3 que este proyecto ya se encuentra aprobado por la Junta de Coordinaci\u00f3n Pol\u00edtica, por lo que espera que se pueda concretar este proyecto con el objetivo de lograr una verdadera inclusi\u00f3n.<\/p>\n<p>Por: Miguel Santos<\/p>\n","protected":false},"excerpt":{"rendered":"<p>La diputada Adriana Hern\u00e1ndez I\u00f1iguez se\u00f1al\u00f3 que, en conjunto con la presidenta del Congreso de Michoac\u00e1n, Julieta Garc\u00eda Zepeda, buscar\u00e1 que esta legislatura no termine sin que se realice la construcci\u00f3n del elevador para poder acceder al segundo piso del Palacio Legislativo. Se\u00f1al\u00f3 que este proyecto ya se encuentra aprobado por la Junta de Coordinaci\u00f3n [&hellip;]<\/p>\n","protected":false},"author":1,"featured_media":44661,"comment_status":"open","ping_status":"open","sticky":false,"template":"","format":"standard","meta":{"om_disable_all_campaigns":false,"_monsterinsights_skip_tracking":false,"_monsterinsights_sitenote_active":false,"_monsterinsights_sitenote_note":"","_monsterinsights_sitenote_category":0,"_uf_show_specific_survey":0,"_uf_disable_surveys":false,"_jetpack_memberships_contains_paid_content":false,"footnotes":"","jetpack_publicize_message":"","jetpack_publicize_feature_enabled":true,"jetpack_social_post_already_shared":false,"jetpack_social_options":{"image_generator_settings":{"template":"highway","default_image_id":0,"enabled":false},"version":2}},"categories":[15],"tags":[],"class_list":{"0":"post-45918","1":"post","2":"type-post","3":"status-publish","4":"format-standard","5":"has-post-thumbnail","7":"category-michoacan"},"aioseo_notices":[],"jetpack_publicize_connections":[],"jetpack_featured_media_url":"https:\/\/mediagroup.mx\/wp-content\/uploads\/2023\/06\/301388349_635942761226666_3544410292729694569_n.jpeg","jetpack_sharing_enabled":true,"_links":{"self":[{"href":"https:\/\/mediagroup.mx\/index.php\/wp-json\/wp\/v2\/posts\/45918","targetHints":{"allow":["GET"]}}],"collection":[{"href":"https:\/\/mediagroup.mx\/index.php\/wp-json\/wp\/v2\/posts"}],"about":[{"href":"https:\/\/mediagroup.mx\/index.php\/wp-json\/wp\/v2\/types\/post"}],"author":[{"embeddable":true,"href":"https:\/\/mediagroup.mx\/index.php\/wp-json\/wp\/v2\/users\/1"}],"replies":[{"embeddable":true,"href":"https:\/\/mediagroup.mx\/index.php\/wp-json\/wp\/v2\/comments?post=45918"}],"version-history":[{"count":0,"href":"https:\/\/mediagroup.mx\/index.php\/wp-json\/wp\/v2\/posts\/45918\/revisions"}],"wp:featuredmedia":[{"embeddable":true,"href":"https:\/\/mediagroup.mx\/index.php\/wp-json\/wp\/v2\/media\/44661"}],"wp:attachment":[{"href":"https:\/\/mediagroup.mx\/index.php\/wp-json\/wp\/v2\/media?parent=45918"}],"wp:term":[{"taxonomy":"category","embeddable":true,"href":"https:\/\/mediagroup.mx\/index.php\/wp-json\/wp\/v2\/categories?post=45918"},{"taxonomy":"post_tag","embeddable":true,"href":"https:\/\/mediagroup.mx\/index.php\/wp-json\/wp\/v2\/tags?post=45918"}],"curies":[{"name":"wp","href":"https:\/\/api.w.org\/{rel}","templated":true}]}}