{"id":45922,"date":"2023-06-26T20:42:26","date_gmt":"2023-06-26T20:42:26","guid":{"rendered":"https:\/\/new.mediagroup.mx\/index.php\/2023\/06\/26\/metrobus-tendra-carril-exclusivo-desde-villas-del-pedregal-y-se-hara-chatarrizacion-de-unidades-viejas-de-transporte-publico-2\/"},"modified":"2023-06-26T20:42:26","modified_gmt":"2023-06-26T20:42:26","slug":"metrobus-tendra-carril-exclusivo-desde-villas-del-pedregal-y-se-hara-chatarrizacion-de-unidades-viejas-de-transporte-publico-2","status":"publish","type":"post","link":"https:\/\/mediagroup.mx\/index.php\/2023\/06\/26\/metrobus-tendra-carril-exclusivo-desde-villas-del-pedregal-y-se-hara-chatarrizacion-de-unidades-viejas-de-transporte-publico-2\/","title":{"rendered":"Metrobus tendr\u00e1 carril exclusivo desde Villas del Pedregal y se har\u00e1 \u201cchatarrizaci\u00f3n\u201d de unidades viejas de transporte p\u00fablico"},"content":{"rendered":"<p style=\"text-align: justify;\">El metrob\u00fas que construir\u00e1 el gobierno de Michoac\u00e1n en la capital del estado tendr\u00e1 un carril exclusivo por donde circular\u00e1 con la ruta que ser\u00e1 desde Villas del Pedregal hasta la Plaza Valladolid en el Centro Hist\u00f3rico de Morelia.<\/p>\n<p style=\"text-align: justify;\">\n<p style=\"text-align: justify;\">Esto, lo inform\u00f3 la titular de la secretar\u00eda de Desarrollo Urbano y Movilidad, Gladys Butanda Mac\u00edas, en reuni\u00f3n con las comisiones unidas de Hacienda y Deuda P\u00fablica y Programaci\u00f3n, Pres\u00faesto y Cuenta P\u00fablica del COngreso de Michoac\u00e1n.<\/p>\n<p style=\"text-align: justify;\">\n<p style=\"text-align: justify;\">Adem\u00e1s, adelant\u00f3 que para esta vialidad se dar\u00e1 la mejora del sistema de drenaje pluvial con el objetivo de que no se inunde la ruta del metrob\u00fas.<\/p>\n<p style=\"text-align: justify;\">\n<p style=\"text-align: justify;\">Asimismo, indic\u00f3 que con la construcci\u00f3n del metrob\u00fas los transportistas podr\u00e1n ser socios de esta nueva forma de transporte.<\/p>\n<p style=\"text-align: justify;\">\n<p style=\"text-align: justify;\">Adem\u00e1s, se entrar\u00e1 en un proceso de chatarrizaci\u00f3n, con el que se retirar\u00e1n unidades que ya no est\u00e9n en optimas condiciones y as\u00ed integrar nuevas unidades de transporte p\u00fablico.<\/p>\n<p>&nbsp;<\/p>\n<p>Por: Miguel Santos<\/p>\n","protected":false},"excerpt":{"rendered":"<p>El metrob\u00fas que construir\u00e1 el gobierno de Michoac\u00e1n en la capital del estado tendr\u00e1 un carril exclusivo por donde circular\u00e1 con la ruta que ser\u00e1 desde Villas del Pedregal hasta la Plaza Valladolid en el Centro Hist\u00f3rico de Morelia. Esto, lo inform\u00f3 la titular de la secretar\u00eda de Desarrollo Urbano y Movilidad, Gladys Butanda Mac\u00edas, [&hellip;]<\/p>\n","protected":false},"author":1,"featured_media":44669,"comment_status":"open","ping_status":"open","sticky":false,"template":"","format":"standard","meta":{"om_disable_all_campaigns":false,"_monsterinsights_skip_tracking":false,"_monsterinsights_sitenote_active":false,"_monsterinsights_sitenote_note":"","_monsterinsights_sitenote_category":0,"_uf_show_specific_survey":0,"_uf_disable_surveys":false,"_jetpack_memberships_contains_paid_content":false,"footnotes":"","jetpack_publicize_message":"","jetpack_publicize_feature_enabled":true,"jetpack_social_post_already_shared":false,"jetpack_social_options":{"image_generator_settings":{"template":"highway","default_image_id":0,"enabled":false},"version":2}},"categories":[15],"tags":[],"class_list":{"0":"post-45922","1":"post","2":"type-post","3":"status-publish","4":"format-standard","5":"has-post-thumbnail","7":"category-michoacan"},"aioseo_notices":[],"jetpack_publicize_connections":[],"jetpack_featured_media_url":"https:\/\/mediagroup.mx\/wp-content\/uploads\/2023\/06\/WhatsApp-Image-2022-12-13-at-3.11.07-PM.jpeg","jetpack_sharing_enabled":true,"_links":{"self":[{"href":"https:\/\/mediagroup.mx\/index.php\/wp-json\/wp\/v2\/posts\/45922","targetHints":{"allow":["GET"]}}],"collection":[{"href":"https:\/\/mediagroup.mx\/index.php\/wp-json\/wp\/v2\/posts"}],"about":[{"href":"https:\/\/mediagroup.mx\/index.php\/wp-json\/wp\/v2\/types\/post"}],"author":[{"embeddable":true,"href":"https:\/\/mediagroup.mx\/index.php\/wp-json\/wp\/v2\/users\/1"}],"replies":[{"embeddable":true,"href":"https:\/\/mediagroup.mx\/index.php\/wp-json\/wp\/v2\/comments?post=45922"}],"version-history":[{"count":0,"href":"https:\/\/mediagroup.mx\/index.php\/wp-json\/wp\/v2\/posts\/45922\/revisions"}],"wp:featuredmedia":[{"embeddable":true,"href":"https:\/\/mediagroup.mx\/index.php\/wp-json\/wp\/v2\/media\/44669"}],"wp:attachment":[{"href":"https:\/\/mediagroup.mx\/index.php\/wp-json\/wp\/v2\/media?parent=45922"}],"wp:term":[{"taxonomy":"category","embeddable":true,"href":"https:\/\/mediagroup.mx\/index.php\/wp-json\/wp\/v2\/categories?post=45922"},{"taxonomy":"post_tag","embeddable":true,"href":"https:\/\/mediagroup.mx\/index.php\/wp-json\/wp\/v2\/tags?post=45922"}],"curies":[{"name":"wp","href":"https:\/\/api.w.org\/{rel}","templated":true}]}}