{"id":45925,"date":"2023-06-26T20:42:26","date_gmt":"2023-06-26T20:42:26","guid":{"rendered":"https:\/\/new.mediagroup.mx\/index.php\/2023\/06\/26\/morelia-tendria-nuevo-impuesto-en-2023-para-el-cobro-de-antenas-telefonicas-adelanta-diputado-marco-polo-2\/"},"modified":"2023-06-26T20:42:26","modified_gmt":"2023-06-26T20:42:26","slug":"morelia-tendria-nuevo-impuesto-en-2023-para-el-cobro-de-antenas-telefonicas-adelanta-diputado-marco-polo-2","status":"publish","type":"post","link":"https:\/\/mediagroup.mx\/index.php\/2023\/06\/26\/morelia-tendria-nuevo-impuesto-en-2023-para-el-cobro-de-antenas-telefonicas-adelanta-diputado-marco-polo-2\/","title":{"rendered":"Morelia tendr\u00eda nuevo impuesto en 2023 para el cobro de antenas telef\u00f3nicas, adelanta Diputado Marco Polo"},"content":{"rendered":"<p style=\"text-align: justify;\">El diputado presidente de la comisi\u00f3n de Programaci\u00f3n, Presupuesto y Cuenta P\u00fablica del Congreso de Michoac\u00e1n, Marco Polo Aguirre Ch\u00e1vez, declar\u00f3 que en la sesi\u00f3n de comisiones unidas en conjunto con la de Hacienda y Deuda P\u00fablica se aprob\u00f3 el nuevo impuesto para la ciudad de Morelia, el cual consta de un cobro de 50 mil pesos para las empresas que tengan antenas telef\u00f3nicas.<\/p>\n<p style=\"text-align: justify;\">\n<p style=\"text-align: justify;\">El legislador indic\u00f3 que para que se concrete debe de ser aprobado por el pleno del Congreso de Michoac\u00e1n.<\/p>\n<p>&nbsp;<\/p>\n<p>Por: Miguel Santos<\/p>\n","protected":false},"excerpt":{"rendered":"<p>El diputado presidente de la comisi\u00f3n de Programaci\u00f3n, Presupuesto y Cuenta P\u00fablica del Congreso de Michoac\u00e1n, Marco Polo Aguirre Ch\u00e1vez, declar\u00f3 que en la sesi\u00f3n de comisiones unidas en conjunto con la de Hacienda y Deuda P\u00fablica se aprob\u00f3 el nuevo impuesto para la ciudad de Morelia, el cual consta de un cobro de 50 [&hellip;]<\/p>\n","protected":false},"author":1,"featured_media":44675,"comment_status":"open","ping_status":"open","sticky":false,"template":"","format":"standard","meta":{"om_disable_all_campaigns":false,"_monsterinsights_skip_tracking":false,"_monsterinsights_sitenote_active":false,"_monsterinsights_sitenote_note":"","_monsterinsights_sitenote_category":0,"_uf_show_specific_survey":0,"_uf_disable_surveys":false,"_jetpack_memberships_contains_paid_content":false,"footnotes":"","jetpack_publicize_message":"","jetpack_publicize_feature_enabled":true,"jetpack_social_post_already_shared":false,"jetpack_social_options":{"image_generator_settings":{"template":"highway","default_image_id":0,"enabled":false},"version":2}},"categories":[15],"tags":[],"class_list":{"0":"post-45925","1":"post","2":"type-post","3":"status-publish","4":"format-standard","5":"has-post-thumbnail","7":"category-michoacan"},"aioseo_notices":[],"jetpack_publicize_connections":[],"jetpack_featured_media_url":"https:\/\/mediagroup.mx\/wp-content\/uploads\/2023\/06\/WhatsApp-Image-2022-12-15-at-2.54.02-PM.jpeg","jetpack_sharing_enabled":true,"_links":{"self":[{"href":"https:\/\/mediagroup.mx\/index.php\/wp-json\/wp\/v2\/posts\/45925","targetHints":{"allow":["GET"]}}],"collection":[{"href":"https:\/\/mediagroup.mx\/index.php\/wp-json\/wp\/v2\/posts"}],"about":[{"href":"https:\/\/mediagroup.mx\/index.php\/wp-json\/wp\/v2\/types\/post"}],"author":[{"embeddable":true,"href":"https:\/\/mediagroup.mx\/index.php\/wp-json\/wp\/v2\/users\/1"}],"replies":[{"embeddable":true,"href":"https:\/\/mediagroup.mx\/index.php\/wp-json\/wp\/v2\/comments?post=45925"}],"version-history":[{"count":0,"href":"https:\/\/mediagroup.mx\/index.php\/wp-json\/wp\/v2\/posts\/45925\/revisions"}],"wp:featuredmedia":[{"embeddable":true,"href":"https:\/\/mediagroup.mx\/index.php\/wp-json\/wp\/v2\/media\/44675"}],"wp:attachment":[{"href":"https:\/\/mediagroup.mx\/index.php\/wp-json\/wp\/v2\/media?parent=45925"}],"wp:term":[{"taxonomy":"category","embeddable":true,"href":"https:\/\/mediagroup.mx\/index.php\/wp-json\/wp\/v2\/categories?post=45925"},{"taxonomy":"post_tag","embeddable":true,"href":"https:\/\/mediagroup.mx\/index.php\/wp-json\/wp\/v2\/tags?post=45925"}],"curies":[{"name":"wp","href":"https:\/\/api.w.org\/{rel}","templated":true}]}}