{"id":45927,"date":"2023-06-26T20:42:26","date_gmt":"2023-06-26T20:42:26","guid":{"rendered":"https:\/\/new.mediagroup.mx\/index.php\/2023\/06\/26\/participacion-en-fondos-del-estado-es-libre-no-se-obliga-a-nadie-gobernador-2\/"},"modified":"2023-06-26T20:42:26","modified_gmt":"2023-06-26T20:42:26","slug":"participacion-en-fondos-del-estado-es-libre-no-se-obliga-a-nadie-gobernador-2","status":"publish","type":"post","link":"https:\/\/mediagroup.mx\/index.php\/2023\/06\/26\/participacion-en-fondos-del-estado-es-libre-no-se-obliga-a-nadie-gobernador-2\/","title":{"rendered":"Participaci\u00f3n en fondos del estado es libre, no se obliga a nadie: Gobernador"},"content":{"rendered":"<p style=\"text-align: justify;\">El gobernador Alfredo Ram\u00edrez Bedolla, aclar\u00f3 que ning\u00fan presidente o presidenta municipal, est\u00e1 obligado a participar en los distintos fondos y programas que impulsar\u00e1 el Gobierno del estado como lo son el Fortapaz y el Faiespum.<\/p>\n<p style=\"text-align: justify;\">Cuestionado sobre la decisi\u00f3n que tomar\u00edan algunos Ayuntamientos para no participar dentro del Fortapaz, el mandatario manifest\u00f3 que todos los programas a cargo del ejecutivo estatal son voluntarios y no se obliga a nadie a participar en los mismos.<\/p>\n<p style=\"text-align: justify;\">Igualmente, el gobernador insisti\u00f3 que lo mismo va para otras estrategias como las obras convenidas y las obras intermunicipales y con las cuales se pretenden aportaciones del gobierno estatal, de la federaci\u00f3n, concesionarios y los Ayuntamientos involucrados.<\/p>\n<p>&nbsp;<\/p>\n<p>Por: Oscar Mendoza<\/p>\n","protected":false},"excerpt":{"rendered":"<p>El gobernador Alfredo Ram\u00edrez Bedolla, aclar\u00f3 que ning\u00fan presidente o presidenta municipal, est\u00e1 obligado a participar en los distintos fondos y programas que impulsar\u00e1 el Gobierno del estado como lo son el Fortapaz y el Faiespum. Cuestionado sobre la decisi\u00f3n que tomar\u00edan algunos Ayuntamientos para no participar dentro del Fortapaz, el mandatario manifest\u00f3 que todos [&hellip;]<\/p>\n","protected":false},"author":1,"featured_media":44679,"comment_status":"open","ping_status":"open","sticky":false,"template":"","format":"standard","meta":{"om_disable_all_campaigns":false,"_monsterinsights_skip_tracking":false,"_monsterinsights_sitenote_active":false,"_monsterinsights_sitenote_note":"","_monsterinsights_sitenote_category":0,"_uf_show_specific_survey":0,"_uf_disable_surveys":false,"_jetpack_memberships_contains_paid_content":false,"footnotes":"","jetpack_publicize_message":"","jetpack_publicize_feature_enabled":true,"jetpack_social_post_already_shared":false,"jetpack_social_options":{"image_generator_settings":{"template":"highway","default_image_id":0,"enabled":false},"version":2}},"categories":[15],"tags":[],"class_list":{"0":"post-45927","1":"post","2":"type-post","3":"status-publish","4":"format-standard","5":"has-post-thumbnail","7":"category-michoacan"},"aioseo_notices":[],"jetpack_publicize_connections":[],"jetpack_featured_media_url":"https:\/\/mediagroup.mx\/wp-content\/uploads\/2023\/06\/DAC0844D-C6DE-4ED0-B6F1-95D20C5B2684.jpeg","jetpack_sharing_enabled":true,"_links":{"self":[{"href":"https:\/\/mediagroup.mx\/index.php\/wp-json\/wp\/v2\/posts\/45927","targetHints":{"allow":["GET"]}}],"collection":[{"href":"https:\/\/mediagroup.mx\/index.php\/wp-json\/wp\/v2\/posts"}],"about":[{"href":"https:\/\/mediagroup.mx\/index.php\/wp-json\/wp\/v2\/types\/post"}],"author":[{"embeddable":true,"href":"https:\/\/mediagroup.mx\/index.php\/wp-json\/wp\/v2\/users\/1"}],"replies":[{"embeddable":true,"href":"https:\/\/mediagroup.mx\/index.php\/wp-json\/wp\/v2\/comments?post=45927"}],"version-history":[{"count":0,"href":"https:\/\/mediagroup.mx\/index.php\/wp-json\/wp\/v2\/posts\/45927\/revisions"}],"wp:featuredmedia":[{"embeddable":true,"href":"https:\/\/mediagroup.mx\/index.php\/wp-json\/wp\/v2\/media\/44679"}],"wp:attachment":[{"href":"https:\/\/mediagroup.mx\/index.php\/wp-json\/wp\/v2\/media?parent=45927"}],"wp:term":[{"taxonomy":"category","embeddable":true,"href":"https:\/\/mediagroup.mx\/index.php\/wp-json\/wp\/v2\/categories?post=45927"},{"taxonomy":"post_tag","embeddable":true,"href":"https:\/\/mediagroup.mx\/index.php\/wp-json\/wp\/v2\/tags?post=45927"}],"curies":[{"name":"wp","href":"https:\/\/api.w.org\/{rel}","templated":true}]}}