{"id":45929,"date":"2023-06-26T20:42:26","date_gmt":"2023-06-26T20:42:26","guid":{"rendered":"https:\/\/new.mediagroup.mx\/index.php\/2023\/06\/26\/si-alito-moreno-lo-determina-memo-valencia-apoyara-reeleccion-de-alfonso-martinez-2\/"},"modified":"2023-06-26T20:42:26","modified_gmt":"2023-06-26T20:42:26","slug":"si-alito-moreno-lo-determina-memo-valencia-apoyara-reeleccion-de-alfonso-martinez-2","status":"publish","type":"post","link":"https:\/\/mediagroup.mx\/index.php\/2023\/06\/26\/si-alito-moreno-lo-determina-memo-valencia-apoyara-reeleccion-de-alfonso-martinez-2\/","title":{"rendered":"Si Alito Moreno lo determina, Memo Valencia apoyar\u00e1 reelecci\u00f3n de Alfonso Mart\u00ednez"},"content":{"rendered":"<p style=\"text-align: justify;\">Pese a que prefiere ir sin la coalici\u00f3n con el PAN y el PRD en las elecciones del 2024, el presidente del Comit\u00e9 Ejecutivo Estatal del PRI, Guillermo Valencia Reyes, dijo que poyar\u00e1 a Alfonso Mart\u00ednez Alc\u00e1zar, presidente municipal de Morelia, en la reelecci\u00f3n a su cargo si Alejandro Moreno C\u00e1rdenas, dirigente nacional del tricolor, lo determina de tal manera, pues asegur\u00f3 respetar la institucionalidad.<\/p>\n<p style=\"text-align: justify;\">\u201cSi Alejandro Moreno me dice apoya a Alfonso Mart\u00ednez, lo voy a apoyar porque soy institucional, porque aqu\u00ed somos disciplinados, no como en otros lados, donde hace cada qui\u00e9n lo que le pega su gana, los pri\u00edstas somos muy institucionales y aparte de que es mi dirigente nacional yo lo quiero mucho, es mi jefe pol\u00edtico, y lo que \u00e9l me diga yo voy a hacer aqu\u00ed, me caiga como me caiga este se\u00f1or.\u201d<\/p>\n<p>Por: Jes\u00fas Gonz\u00e1lez<\/p>\n","protected":false},"excerpt":{"rendered":"<p>Pese a que prefiere ir sin la coalici\u00f3n con el PAN y el PRD en las elecciones del 2024, el presidente del Comit\u00e9 Ejecutivo Estatal del PRI, Guillermo Valencia Reyes, dijo que poyar\u00e1 a Alfonso Mart\u00ednez Alc\u00e1zar, presidente municipal de Morelia, en la reelecci\u00f3n a su cargo si Alejandro Moreno C\u00e1rdenas, dirigente nacional del tricolor, [&hellip;]<\/p>\n","protected":false},"author":1,"featured_media":44686,"comment_status":"open","ping_status":"open","sticky":false,"template":"","format":"standard","meta":{"om_disable_all_campaigns":false,"_monsterinsights_skip_tracking":false,"_monsterinsights_sitenote_active":false,"_monsterinsights_sitenote_note":"","_monsterinsights_sitenote_category":0,"_uf_show_specific_survey":0,"_uf_disable_surveys":false,"_jetpack_memberships_contains_paid_content":false,"footnotes":"","jetpack_publicize_message":"","jetpack_publicize_feature_enabled":true,"jetpack_social_post_already_shared":false,"jetpack_social_options":{"image_generator_settings":{"template":"highway","default_image_id":0,"enabled":false},"version":2}},"categories":[15],"tags":[],"class_list":{"0":"post-45929","1":"post","2":"type-post","3":"status-publish","4":"format-standard","5":"has-post-thumbnail","7":"category-michoacan"},"aioseo_notices":[],"jetpack_publicize_connections":[],"jetpack_featured_media_url":"https:\/\/mediagroup.mx\/wp-content\/uploads\/2023\/06\/WhatsApp-Image-2023-01-04-at-2.32.24-PM.jpeg","jetpack_sharing_enabled":true,"_links":{"self":[{"href":"https:\/\/mediagroup.mx\/index.php\/wp-json\/wp\/v2\/posts\/45929","targetHints":{"allow":["GET"]}}],"collection":[{"href":"https:\/\/mediagroup.mx\/index.php\/wp-json\/wp\/v2\/posts"}],"about":[{"href":"https:\/\/mediagroup.mx\/index.php\/wp-json\/wp\/v2\/types\/post"}],"author":[{"embeddable":true,"href":"https:\/\/mediagroup.mx\/index.php\/wp-json\/wp\/v2\/users\/1"}],"replies":[{"embeddable":true,"href":"https:\/\/mediagroup.mx\/index.php\/wp-json\/wp\/v2\/comments?post=45929"}],"version-history":[{"count":0,"href":"https:\/\/mediagroup.mx\/index.php\/wp-json\/wp\/v2\/posts\/45929\/revisions"}],"wp:featuredmedia":[{"embeddable":true,"href":"https:\/\/mediagroup.mx\/index.php\/wp-json\/wp\/v2\/media\/44686"}],"wp:attachment":[{"href":"https:\/\/mediagroup.mx\/index.php\/wp-json\/wp\/v2\/media?parent=45929"}],"wp:term":[{"taxonomy":"category","embeddable":true,"href":"https:\/\/mediagroup.mx\/index.php\/wp-json\/wp\/v2\/categories?post=45929"},{"taxonomy":"post_tag","embeddable":true,"href":"https:\/\/mediagroup.mx\/index.php\/wp-json\/wp\/v2\/tags?post=45929"}],"curies":[{"name":"wp","href":"https:\/\/api.w.org\/{rel}","templated":true}]}}