{"id":45932,"date":"2023-06-26T20:42:30","date_gmt":"2023-06-26T20:42:30","guid":{"rendered":"https:\/\/new.mediagroup.mx\/index.php\/2023\/06\/26\/anuncian-cierres-viales-y-acciones-de-seguridad-por-dia-de-reyes-2\/"},"modified":"2023-06-26T20:42:30","modified_gmt":"2023-06-26T20:42:30","slug":"anuncian-cierres-viales-y-acciones-de-seguridad-por-dia-de-reyes-2","status":"publish","type":"post","link":"https:\/\/mediagroup.mx\/index.php\/2023\/06\/26\/anuncian-cierres-viales-y-acciones-de-seguridad-por-dia-de-reyes-2\/","title":{"rendered":"Anuncian cierres viales y acciones de seguridad por D\u00eda de Reyes"},"content":{"rendered":"<p style=\"text-align: justify;\">La Polic\u00eda Morelia anuncia cierres viales por la Cabalgata de Los Reyes Magos de este 5 de enero y acciones de vigilancia durante la jornada festiva.<\/p>\n<p style=\"text-align: justify;\">Aplicar\u00e1 un cierre vial desde la ma\u00f1ana del 5 de enero en el primer cuadro de la ciudad sobre la Avenida Madero en el tramo desde Abasolo hasta Morelos. Dicho cierre se ampliar\u00e1 aproximadamente a las 4:00 de la tarde del mismo d\u00eda hasta la avenida Tata Vasco cubriendo la totalidad del trayecto de Los Reyes Magos.<\/p>\n<p style=\"text-align: justify;\">Estos cortes viales pueden variar seg\u00fan las necesidades del evento y se ir\u00e1n liberando seg\u00fan termine el avance de la caravana, por lo que se invita a la ciudadan\u00eda a planear sus traslados con anticipaci\u00f3n y prever v\u00edas alternas.<\/p>\n<p style=\"text-align: justify;\">Adicionalmente, 100 oficiales de la Polic\u00eda Morelia estar\u00e1n dedicados a brindar seguridad en las principales zonas de comercio de esta \u00e9poca, como son los tianguis del Auditorio y de la avenida Pedregal, adem\u00e1s de que tambi\u00e9n se cumplir\u00e1n recorridos de vigilancia en centros comerciales y zonas bancarias.<\/p>\n<p>Por: Jes\u00fas Gonz\u00e1lez<\/p>\n","protected":false},"excerpt":{"rendered":"<p>La Polic\u00eda Morelia anuncia cierres viales por la Cabalgata de Los Reyes Magos de este 5 de enero y acciones de vigilancia durante la jornada festiva. Aplicar\u00e1 un cierre vial desde la ma\u00f1ana del 5 de enero en el primer cuadro de la ciudad sobre la Avenida Madero en el tramo desde Abasolo hasta Morelos. [&hellip;]<\/p>\n","protected":false},"author":1,"featured_media":44692,"comment_status":"open","ping_status":"open","sticky":false,"template":"","format":"standard","meta":{"om_disable_all_campaigns":false,"_monsterinsights_skip_tracking":false,"_monsterinsights_sitenote_active":false,"_monsterinsights_sitenote_note":"","_monsterinsights_sitenote_category":0,"_uf_show_specific_survey":0,"_uf_disable_surveys":false,"_jetpack_memberships_contains_paid_content":false,"footnotes":"","jetpack_publicize_message":"","jetpack_publicize_feature_enabled":true,"jetpack_social_post_already_shared":false,"jetpack_social_options":{"image_generator_settings":{"template":"highway","default_image_id":0,"enabled":false},"version":2}},"categories":[17],"tags":[],"class_list":{"0":"post-45932","1":"post","2":"type-post","3":"status-publish","4":"format-standard","5":"has-post-thumbnail","7":"category-morelia"},"aioseo_notices":[],"jetpack_publicize_connections":[],"jetpack_featured_media_url":"https:\/\/mediagroup.mx\/wp-content\/uploads\/2023\/06\/WhatsApp-Image-2023-01-04-at-2.35.56-PM.jpeg","jetpack_sharing_enabled":true,"_links":{"self":[{"href":"https:\/\/mediagroup.mx\/index.php\/wp-json\/wp\/v2\/posts\/45932","targetHints":{"allow":["GET"]}}],"collection":[{"href":"https:\/\/mediagroup.mx\/index.php\/wp-json\/wp\/v2\/posts"}],"about":[{"href":"https:\/\/mediagroup.mx\/index.php\/wp-json\/wp\/v2\/types\/post"}],"author":[{"embeddable":true,"href":"https:\/\/mediagroup.mx\/index.php\/wp-json\/wp\/v2\/users\/1"}],"replies":[{"embeddable":true,"href":"https:\/\/mediagroup.mx\/index.php\/wp-json\/wp\/v2\/comments?post=45932"}],"version-history":[{"count":0,"href":"https:\/\/mediagroup.mx\/index.php\/wp-json\/wp\/v2\/posts\/45932\/revisions"}],"wp:featuredmedia":[{"embeddable":true,"href":"https:\/\/mediagroup.mx\/index.php\/wp-json\/wp\/v2\/media\/44692"}],"wp:attachment":[{"href":"https:\/\/mediagroup.mx\/index.php\/wp-json\/wp\/v2\/media?parent=45932"}],"wp:term":[{"taxonomy":"category","embeddable":true,"href":"https:\/\/mediagroup.mx\/index.php\/wp-json\/wp\/v2\/categories?post=45932"},{"taxonomy":"post_tag","embeddable":true,"href":"https:\/\/mediagroup.mx\/index.php\/wp-json\/wp\/v2\/tags?post=45932"}],"curies":[{"name":"wp","href":"https:\/\/api.w.org\/{rel}","templated":true}]}}