{"id":45933,"date":"2023-06-26T20:42:30","date_gmt":"2023-06-26T20:42:30","guid":{"rendered":"https:\/\/new.mediagroup.mx\/index.php\/2023\/06\/26\/descubren-a-6-hombres-sepultados-en-fosas-clandestinas-en-el-municipio-de-zitacuaro-2\/"},"modified":"2023-06-26T20:42:30","modified_gmt":"2023-06-26T20:42:30","slug":"descubren-a-6-hombres-sepultados-en-fosas-clandestinas-en-el-municipio-de-zitacuaro-2","status":"publish","type":"post","link":"https:\/\/mediagroup.mx\/index.php\/2023\/06\/26\/descubren-a-6-hombres-sepultados-en-fosas-clandestinas-en-el-municipio-de-zitacuaro-2\/","title":{"rendered":"Descubren a 6 hombres sepultados en fosas clandestinas, en el municipio de Zit\u00e1cuaro"},"content":{"rendered":"<p>Seis cad\u00e1ver masculinos fueron encontrados sepultados en fosas clandestinas en un paraje del municipio de Zit\u00e1cuaro, informaron autoridades policiales, las cuales agregaron que las v\u00edctimas no est\u00e1n identificadas.<\/p>\n<p>Trascendi\u00f3 que los hechos se registraron en la comunidad de Loma Larga. Trascendi\u00f3 que la Fiscal\u00eda General del Estado (FGE) recibi\u00f3 una denuncia, entonces sus elementos efectuaron las diligencias respectivas durante la tardes de este mi\u00e9rcoles.<\/p>\n<p>Los especialistas, en la b\u00fasqueda, localizaron un punto cubierto de maleza en el cual hab\u00eda dos hombres muertos, ambos vest\u00edan ropa deportiva.<\/p>\n<p>Los uniformados revisaron y en otra \u00e1rea detectaron tierra removida, entonces excavaron y hallaron a la tercer v\u00edctima, la cual media entre 1.60 y 1.70 metros de estatura y era de complexi\u00f3n delgada.<\/p>\n<p>Asimismo, en otro punto exhumaron los tres finados restantes, dos de ellos de complexi\u00f3n media y el otro delgado. Los difuntos fueron trasladados a las instalaciones del Servicio M\u00e9dico Forense (Semefo) para los estudios correspondientes. La Fiscal\u00eda contin\u00faa con las averiguaciones del caso, a efecto de esclarecerlo.<\/p>\n","protected":false},"excerpt":{"rendered":"<p>Seis cad\u00e1ver masculinos fueron encontrados sepultados en fosas clandestinas en un paraje del municipio de Zit\u00e1cuaro, informaron autoridades policiales, las cuales agregaron que las v\u00edctimas no est\u00e1n identificadas. Trascendi\u00f3 que los hechos se registraron en la comunidad de Loma Larga. Trascendi\u00f3 que la Fiscal\u00eda General del Estado (FGE) recibi\u00f3 una denuncia, entonces sus elementos efectuaron [&hellip;]<\/p>\n","protected":false},"author":1,"featured_media":44694,"comment_status":"open","ping_status":"open","sticky":false,"template":"","format":"standard","meta":{"om_disable_all_campaigns":false,"_monsterinsights_skip_tracking":false,"_monsterinsights_sitenote_active":false,"_monsterinsights_sitenote_note":"","_monsterinsights_sitenote_category":0,"_uf_show_specific_survey":0,"_uf_disable_surveys":false,"_jetpack_memberships_contains_paid_content":false,"footnotes":"","jetpack_publicize_message":"","jetpack_publicize_feature_enabled":true,"jetpack_social_post_already_shared":false,"jetpack_social_options":{"image_generator_settings":{"template":"highway","default_image_id":0,"enabled":false},"version":2}},"categories":[24],"tags":[],"class_list":{"0":"post-45933","1":"post","2":"type-post","3":"status-publish","4":"format-standard","5":"has-post-thumbnail","7":"category-seguridad"},"aioseo_notices":[],"jetpack_publicize_connections":[],"jetpack_featured_media_url":"https:\/\/mediagroup.mx\/wp-content\/uploads\/2023\/06\/D8650EE9-A280-42EF-B4E2-3ABB35AF256D.jpeg","jetpack_sharing_enabled":true,"_links":{"self":[{"href":"https:\/\/mediagroup.mx\/index.php\/wp-json\/wp\/v2\/posts\/45933","targetHints":{"allow":["GET"]}}],"collection":[{"href":"https:\/\/mediagroup.mx\/index.php\/wp-json\/wp\/v2\/posts"}],"about":[{"href":"https:\/\/mediagroup.mx\/index.php\/wp-json\/wp\/v2\/types\/post"}],"author":[{"embeddable":true,"href":"https:\/\/mediagroup.mx\/index.php\/wp-json\/wp\/v2\/users\/1"}],"replies":[{"embeddable":true,"href":"https:\/\/mediagroup.mx\/index.php\/wp-json\/wp\/v2\/comments?post=45933"}],"version-history":[{"count":0,"href":"https:\/\/mediagroup.mx\/index.php\/wp-json\/wp\/v2\/posts\/45933\/revisions"}],"wp:featuredmedia":[{"embeddable":true,"href":"https:\/\/mediagroup.mx\/index.php\/wp-json\/wp\/v2\/media\/44694"}],"wp:attachment":[{"href":"https:\/\/mediagroup.mx\/index.php\/wp-json\/wp\/v2\/media?parent=45933"}],"wp:term":[{"taxonomy":"category","embeddable":true,"href":"https:\/\/mediagroup.mx\/index.php\/wp-json\/wp\/v2\/categories?post=45933"},{"taxonomy":"post_tag","embeddable":true,"href":"https:\/\/mediagroup.mx\/index.php\/wp-json\/wp\/v2\/tags?post=45933"}],"curies":[{"name":"wp","href":"https:\/\/api.w.org\/{rel}","templated":true}]}}