{"id":45935,"date":"2023-06-26T20:42:30","date_gmt":"2023-06-26T20:42:30","guid":{"rendered":"https:\/\/new.mediagroup.mx\/index.php\/2023\/06\/26\/un-militar-muerto-y-27-heridos-durante-el-operativo-para-captura-de-ovidio-guzman-2\/"},"modified":"2023-06-26T20:42:30","modified_gmt":"2023-06-26T20:42:30","slug":"un-militar-muerto-y-27-heridos-durante-el-operativo-para-captura-de-ovidio-guzman-2","status":"publish","type":"post","link":"https:\/\/mediagroup.mx\/index.php\/2023\/06\/26\/un-militar-muerto-y-27-heridos-durante-el-operativo-para-captura-de-ovidio-guzman-2\/","title":{"rendered":"Un militar muerto y 27 heridos durante el operativo para captura de Ovidio Guzm\u00e1n"},"content":{"rendered":"<p class=\"\" style=\"text-align: justify;\">El arresto de Ovidio Guzm\u00e1n, hijo del Chapo y uno de los l\u00edderes del cartel de Sinaloa, ha desencadenado una ola de violencia en Culiac\u00e1n. Desde la madrugada\u00a0<a href=\"https:\/\/elpais.com\/mexico\/2023-01-05\/culiacan-amanece-bajo-fuego-la-ciudad-despierta-sitiada-por-narcobloqueos-y-balaceras.html\" data-link-track-dtm=\"\">se suceden los bloqueos y las balaceras en la capital del Estado<\/a>. La situaci\u00f3n ha recordado a la ocurrida en 2019, cuando la Guardia Nacional detuvo a Ovidio y la presi\u00f3n de los narcotraficantes oblig\u00f3 al Gobierno a liberarlo para evitar ataques a la poblaci\u00f3n civil, en un d\u00eda negro que se conoci\u00f3 como el\u00a0<i>Culiacanazo<\/i>. Este jueves, se han suspendido las clases ecolares y tambi\u00e9n todos los servicios en la ciudad. El Gobierno de Sinaloa ha enviado un mensaje a todos los trabajadores p\u00fablicos de que no se presenten en sus puestos de trabajo. El gobernador, el morenista Rub\u00e9n Rocha Moya, ha pedido a la gente que no salga de su casa y que mantengan la calma. La embajada de Estados Unidos en M\u00e9xico ha emitido una alerta en la que recuerda a sus ciudadanos \u201cno viajar\u201d a Sinaloa.<\/p>\n<figure class=\"a_m\" style=\"text-align: justify;\">\n<div class=\"videoTop videoTop-v\">\n<div id=\"video_20230105124743577\">\n<div>\n<div class=\"_pa _df ph-v_b ph-v_b-lg\">\n<div class=\"_df ph-v_c\">\n<div class=\"ph-v_t\">Conferencia de prensa del Gabinete de Seguridad sobre situaci\u00f3n en Sinaloa<\/div>\n<\/div>\n<\/div>\n<p><a class=\"posicionador\"><img loading=\"lazy\" decoding=\"async\" src=\"https:\/\/mediagroup.mx\/wp-content\/uploads\/2023\/06\/KTJJERUKXYT3VE4MKCQAZJLGPU.jpg\" width=\"760\" height=\"427\" \/><\/a><\/div>\n<\/div>\n<\/div><figcaption class=\"a_m_p\">Conferencia de prensa del Gabinete de Seguridad sobre situaci\u00f3n en Sinaloa<span class=\"a_m_m\">Foto:\u00a0MARCOS VIZCARRA (AFP)<\/span><\/figcaption><\/figure>\n<div id=\"eskup_thread\" class=\"a_lb\" data-datetime-ago=\"Hace %s\" data-eskup-last-update=\"1672967844\" data-eskup-thread-active=\"1\" data-eskup-thread-id=\"ep_detencionovidioguzmanculiacan2023\" data-eskup-total-messages=\"45\" data-reverse-order=\"false\">\n<div id=\"1672967844-c4fcaf79777a8ede655f8c1ce9129313\" class=\"_df post\" style=\"text-align: justify;\" data-timestamp=\"1672967844\">\n<div class=\"a_lb_p _df\">\n<div class=\"a_lb_p_in\">\n<p><strong>Un militar muerto y 27 heridos<\/strong>\u00a0es de momento el saldo de la jornada de violencia en Culiac\u00e1n. El gobernador de Sinaloa Rub\u00e9n Rocha Moya ha confirmado que un miembro de la Guardia Nacional muri\u00f3 durante el operativo de caputura de Ovidio Guzm\u00e1n.\u00a0El mandatario local asegur\u00f3 que ya est\u00e1n \u00ablevantando los escombros\u00bb tras\u00a0m\u00e1s de 12 horas de bloqueos y enfrentamientos. Entre los 27 heridos por arma de fuego hay tres civiles.<\/p>\n<\/div>\n<div class=\"a_lb_p_s\"><time class=\"da\" datetime=\"Fri Jan 06 2023 01:17:24 GMT+0000 (Coordinated Universal Time)\">19:17<\/time><\/p>\n<div class=\"w_rs\" data-dtm-region=\"articulo_botonera-social\">\n<div class=\"w_rs_i\"><\/div>\n<\/div>\n<\/div>\n<\/div>\n<\/div>\n<div id=\"1672966517-84c3801b0e9b01b6f01de8138cad0480\" class=\"_df post\" style=\"text-align: justify;\" data-timestamp=\"1672966517\">\n<div class=\"a_lb_p _df\">\n<div class=\"a_lb_p_in\">\n<p>El secretario de Seguridad P\u00fablica del Estado de Sinaloa, Crist\u00f3bal Casata\u00f1eda,\u00a0insiste en los mensajes de adverencia a la poblaci\u00f3n para que, salvo\u00a0caso de necesidad, no salgan de sus casas.<\/p>\n<p>&nbsp;<\/p>\n<div class=\"twitter-tweet twitter-tweet-rendered\"><iframe id=\"twitter-widget-0\" class=\"\" title=\"Twitter Tweet\" src=\"https:\/\/platform.twitter.com\/embed\/Tweet.html?dnt=false&amp;embedId=twitter-widget-0&amp;features=eyJ0ZndfdGltZWxpbmVfbGlzdCI6eyJidWNrZXQiOlsibGlua3RyLmVlIiwidHIuZWUiLCJ0ZXJyYS5jb20uYnIiLCJ3d3cubGlua3RyLmVlIiwid3d3LnRyLmVlIiwid3d3LnRlcnJhLmNvbS5iciJdLCJ2ZXJzaW9uIjpudWxsfSwidGZ3X2hvcml6b25fdGltZWxpbmVfMTIwMzQiOnsiYnVja2V0IjoidHJlYXRtZW50IiwidmVyc2lvbiI6bnVsbH0sInRmd190d2VldF9lZGl0X2JhY2tlbmQiOnsiYnVja2V0Ijoib24iLCJ2ZXJzaW9uIjpudWxsfSwidGZ3X3JlZnNyY19zZXNzaW9uIjp7ImJ1Y2tldCI6Im9uIiwidmVyc2lvbiI6bnVsbH0sInRmd19zaG93X2J1c2luZXNzX3ZlcmlmaWVkX2JhZGdlIjp7ImJ1Y2tldCI6Im9uIiwidmVyc2lvbiI6bnVsbH0sInRmd19jaGluX3BpbGxzXzE0NzQxIjp7ImJ1Y2tldCI6ImNvbG9yX2ljb25zIiwidmVyc2lvbiI6bnVsbH0sInRmd190d2VldF9yZXN1bHRfbWlncmF0aW9uXzEzOTc5Ijp7ImJ1Y2tldCI6InR3ZWV0X3Jlc3VsdCIsInZlcnNpb24iOm51bGx9LCJ0ZndfbWl4ZWRfbWVkaWFfMTU4OTciOnsiYnVja2V0IjoidHJlYXRtZW50IiwidmVyc2lvbiI6bnVsbH0sInRmd19zZW5zaXRpdmVfbWVkaWFfaW50ZXJzdGl0aWFsXzEzOTYzIjp7ImJ1Y2tldCI6ImludGVyc3RpdGlhbCIsInZlcnNpb24iOm51bGx9LCJ0ZndfZXhwZXJpbWVudHNfY29va2llX2V4cGlyYXRpb24iOnsiYnVja2V0IjoxMjA5NjAwLCJ2ZXJzaW9uIjpudWxsfSwidGZ3X2R1cGxpY2F0ZV9zY3JpYmVzX3RvX3NldHRpbmdzIjp7ImJ1Y2tldCI6Im9uIiwidmVyc2lvbiI6bnVsbH0sInRmd192aWRlb19obHNfZHluYW1pY19tYW5pZmVzdHNfMTUwODIiOnsiYnVja2V0IjoidHJ1ZV9iaXRyYXRlIiwidmVyc2lvbiI6bnVsbH0sInRmd19zaG93X2JsdWVfdmVyaWZpZWRfYmFkZ2UiOnsiYnVja2V0Ijoib24iLCJ2ZXJzaW9uIjpudWxsfSwidGZ3X3Nob3dfZ292X3ZlcmlmaWVkX2JhZGdlIjp7ImJ1Y2tldCI6Im9uIiwidmVyc2lvbiI6bnVsbH0sInRmd19zaG93X2J1c2luZXNzX2FmZmlsaWF0ZV9iYWRnZSI6eyJidWNrZXQiOiJvbiIsInZlcnNpb24iOm51bGx9LCJ0ZndfdHdlZXRfZWRpdF9mcm9udGVuZCI6eyJidWNrZXQiOiJvbiIsInZlcnNpb24iOm51bGx9fQ%3D%3D&amp;frame=false&amp;hideCard=false&amp;hideThread=false&amp;id=1611149598105665539&amp;lang=es&amp;origin=https%3A%2F%2Felpais.com%2Fmexico%2F2023-01-05%2Fla-recaptura-de-ovidio-guzman-en-vivo.html&amp;sessionId=522e5ab27c0e1e04b0141d52ff0499506e85fcbb&amp;siteScreenName=elpaismexico&amp;theme=light&amp;widgetsVersion=a3525f077c700%3A1667415560940&amp;width=550px\" frameborder=\"0\" scrolling=\"no\" allowfullscreen=\"allowfullscreen\" data-tweet-id=\"1611149598105665539\" data-mce-fragment=\"1\"><\/iframe><\/div>\n<p>&nbsp;<\/p>\n<\/div>\n<div class=\"a_lb_p_s\"><time class=\"da\" datetime=\"Fri Jan 06 2023 00:55:17 GMT+0000 (Coordinated Universal Time)\">18:55<\/time><\/p>\n<div class=\"w_rs\" data-dtm-region=\"articulo_botonera-social\">\n<div class=\"w_rs_i\"><\/div>\n<\/div>\n<\/div>\n<\/div>\n<\/div>\n<div id=\"1672966122-2c447a9baadcd1ef4f54dd91af788f12\" class=\"_df post\" style=\"text-align: justify;\" data-timestamp=\"1672966122\">\n<div class=\"a_lb_p _df\">\n<div class=\"a_lb_p_in\">\n<h3>El capo, trasladado al penal del Altiplano<\/h3>\n<p>Tras su llegada a Ciudad de M\u00e9xico, Ovido Guzm\u00e1n es trasladado al penal del Altiplano. Varias unidades del Ej\u00e9rcito y la Guardia Nacional\u00a0han reforzado la entrada de la carcel a la espera de que llegue el narcotraficante, capturado por la ma\u00f1ana en Culiac\u00e1n.\u00a0Las autoridades no han informado si\u00a0Guzm\u00e1n ser\u00e1 extraditado a Estados Unidos, donde tiene una orden para enfrentar cargos por narcotr\u00e1fico desde septiembre de 2019.<\/p>\n<\/div>\n<div class=\"a_lb_p_s\"><time class=\"da\" datetime=\"Fri Jan 06 2023 00:48:42 GMT+0000 (Coordinated Universal Time)\">18:48<\/time><\/p>\n<div class=\"w_rs\" data-dtm-region=\"articulo_botonera-social\">\n<div class=\"w_rs_i\"><\/div>\n<\/div>\n<\/div>\n<\/div>\n<\/div>\n<div id=\"1672963448-8edd0b09df768fa0fae00ac6eb87cc60\" class=\"_df post\" style=\"text-align: justify;\" data-timestamp=\"1672963448\">\n<div class=\"a_lb_p _df\">\n<div class=\"a_lb_p_in\">\n<div class=\"twitter-tweet twitter-tweet-rendered\"><iframe id=\"twitter-widget-1\" class=\"\" title=\"Twitter Tweet\" src=\"https:\/\/platform.twitter.com\/embed\/Tweet.html?dnt=false&amp;embedId=twitter-widget-1&amp;features=eyJ0ZndfdGltZWxpbmVfbGlzdCI6eyJidWNrZXQiOlsibGlua3RyLmVlIiwidHIuZWUiLCJ0ZXJyYS5jb20uYnIiLCJ3d3cubGlua3RyLmVlIiwid3d3LnRyLmVlIiwid3d3LnRlcnJhLmNvbS5iciJdLCJ2ZXJzaW9uIjpudWxsfSwidGZ3X2hvcml6b25fdGltZWxpbmVfMTIwMzQiOnsiYnVja2V0IjoidHJlYXRtZW50IiwidmVyc2lvbiI6bnVsbH0sInRmd190d2VldF9lZGl0X2JhY2tlbmQiOnsiYnVja2V0Ijoib24iLCJ2ZXJzaW9uIjpudWxsfSwidGZ3X3JlZnNyY19zZXNzaW9uIjp7ImJ1Y2tldCI6Im9uIiwidmVyc2lvbiI6bnVsbH0sInRmd19zaG93X2J1c2luZXNzX3ZlcmlmaWVkX2JhZGdlIjp7ImJ1Y2tldCI6Im9uIiwidmVyc2lvbiI6bnVsbH0sInRmd19jaGluX3BpbGxzXzE0NzQxIjp7ImJ1Y2tldCI6ImNvbG9yX2ljb25zIiwidmVyc2lvbiI6bnVsbH0sInRmd190d2VldF9yZXN1bHRfbWlncmF0aW9uXzEzOTc5Ijp7ImJ1Y2tldCI6InR3ZWV0X3Jlc3VsdCIsInZlcnNpb24iOm51bGx9LCJ0ZndfbWl4ZWRfbWVkaWFfMTU4OTciOnsiYnVja2V0IjoidHJlYXRtZW50IiwidmVyc2lvbiI6bnVsbH0sInRmd19zZW5zaXRpdmVfbWVkaWFfaW50ZXJzdGl0aWFsXzEzOTYzIjp7ImJ1Y2tldCI6ImludGVyc3RpdGlhbCIsInZlcnNpb24iOm51bGx9LCJ0ZndfZXhwZXJpbWVudHNfY29va2llX2V4cGlyYXRpb24iOnsiYnVja2V0IjoxMjA5NjAwLCJ2ZXJzaW9uIjpudWxsfSwidGZ3X2R1cGxpY2F0ZV9zY3JpYmVzX3RvX3NldHRpbmdzIjp7ImJ1Y2tldCI6Im9uIiwidmVyc2lvbiI6bnVsbH0sInRmd192aWRlb19obHNfZHluYW1pY19tYW5pZmVzdHNfMTUwODIiOnsiYnVja2V0IjoidHJ1ZV9iaXRyYXRlIiwidmVyc2lvbiI6bnVsbH0sInRmd19zaG93X2JsdWVfdmVyaWZpZWRfYmFkZ2UiOnsiYnVja2V0Ijoib24iLCJ2ZXJzaW9uIjpudWxsfSwidGZ3X3Nob3dfZ292X3ZlcmlmaWVkX2JhZGdlIjp7ImJ1Y2tldCI6Im9uIiwidmVyc2lvbiI6bnVsbH0sInRmd19zaG93X2J1c2luZXNzX2FmZmlsaWF0ZV9iYWRnZSI6eyJidWNrZXQiOiJvbiIsInZlcnNpb24iOm51bGx9LCJ0ZndfdHdlZXRfZWRpdF9mcm9udGVuZCI6eyJidWNrZXQiOiJvbiIsInZlcnNpb24iOm51bGx9fQ%3D%3D&amp;frame=false&amp;hideCard=false&amp;hideThread=false&amp;id=1611150757801394177&amp;lang=es&amp;origin=https%3A%2F%2Felpais.com%2Fmexico%2F2023-01-05%2Fla-recaptura-de-ovidio-guzman-en-vivo.html&amp;sessionId=522e5ab27c0e1e04b0141d52ff0499506e85fcbb&amp;siteScreenName=elpaismexico&amp;theme=light&amp;widgetsVersion=a3525f077c700%3A1667415560940&amp;width=550px\" frameborder=\"0\" scrolling=\"no\" allowfullscreen=\"allowfullscreen\" data-tweet-id=\"1611150757801394177\" data-mce-fragment=\"1\"><\/iframe><\/div>\n<p>&nbsp;<\/p>\n<\/div>\n<div class=\"a_lb_p_s\"><time class=\"da\" datetime=\"Fri Jan 06 2023 00:04:08 GMT+0000 (Coordinated Universal Time)\">18:04<\/time><\/p>\n<div class=\"w_rs\" data-dtm-region=\"articulo_botonera-social\">\n<div class=\"w_rs_i\"><\/div>\n<\/div>\n<\/div>\n<\/div>\n<\/div>\n<div id=\"1672961561-b4c971d160911c97623f32175f9b2cf9\" class=\"_df post\" style=\"text-align: justify;\" data-timestamp=\"1672961561\">\n<div class=\"a_lb_p _df\">\n<div class=\"a_lb_p_in\">\n<p>Empresas como\u00a0<strong>Walmart<\/strong>,\u00a0<strong>Femsa<\/strong>,\u00a0<strong>Costco\u00a0<\/strong>y\u00a0<strong>Estafeta\u00a0<\/strong>anuncian que suspenden sus actividades en distintas ciudades de Sinala con motivo de la ola de violencia tras la captura de Ovidio Guzm\u00e1n<\/p>\n<\/div>\n<div class=\"a_lb_p_s\"><time class=\"da\" datetime=\"Thu Jan 05 2023 23:32:41 GMT+0000 (Coordinated Universal Time)\">17:32<\/time><\/p>\n<div class=\"w_rs\" data-dtm-region=\"articulo_botonera-social\">\n<div class=\"w_rs_i\"><\/div>\n<div class=\"w_rs_i\"><\/div>\n<\/div>\n<\/div>\n<\/div>\n<\/div>\n<div id=\"1672958351-0d8c1e708dfe051819060148f4e48dc5\" class=\"_df post\" style=\"text-align: justify;\" data-timestamp=\"1672958351\">\n<div class=\"a_lb_p _df\">\n<div class=\"a_lb_p_in\">\n<h3>Los vuelos cancelados en Sinaloa<\/h3>\n<p>La Agencia Federal de Aviaci\u00f3n Civil (AFAC) ha informado que, hasta el momento, han sido cancelados m\u00e1s de 100 vuelos desde los aeropuertos de Sinaloa. Desde el aeropuerto de Mazatl\u00e1n fueron canceladas 32 operaciones y desde el aer\u00f3dromo de Culiac\u00e1n, 70. Las aerol\u00edneas comerciales est\u00e1n atendiendo a los pasajeros que han sido afectados por la cancelaci\u00f3n de los vuelos.<\/p>\n<\/div>\n<div class=\"a_lb_p_s\"><time class=\"da\" datetime=\"Thu Jan 05 2023 22:39:11 GMT+0000 (Coordinated Universal Time)\">16:39<\/time><\/p>\n<div class=\"w_rs\" data-dtm-region=\"articulo_botonera-social\">\n<div class=\"w_rs_i\"><\/div>\n<div class=\"w_rs_i\"><\/div>\n<\/div>\n<\/div>\n<\/div>\n<\/div>\n<div id=\"1672957105-ff1120580bd32497d89e124ab325c217\" class=\"_df post\" style=\"text-align: justify;\" data-timestamp=\"1672957105\">\n<div class=\"a_lb_p _df\">\n<div class=\"a_lb_p_in\">\n<h3>Los bloqueos contin\u00faan en Sinaloa<\/h3>\n<p>&nbsp;<\/p>\n<div class=\"twitter-tweet twitter-tweet-rendered\"><iframe id=\"twitter-widget-2\" class=\"\" title=\"Twitter Tweet\" src=\"https:\/\/platform.twitter.com\/embed\/Tweet.html?dnt=false&amp;embedId=twitter-widget-2&amp;features=eyJ0ZndfdGltZWxpbmVfbGlzdCI6eyJidWNrZXQiOlsibGlua3RyLmVlIiwidHIuZWUiLCJ0ZXJyYS5jb20uYnIiLCJ3d3cubGlua3RyLmVlIiwid3d3LnRyLmVlIiwid3d3LnRlcnJhLmNvbS5iciJdLCJ2ZXJzaW9uIjpudWxsfSwidGZ3X2hvcml6b25fdGltZWxpbmVfMTIwMzQiOnsiYnVja2V0IjoidHJlYXRtZW50IiwidmVyc2lvbiI6bnVsbH0sInRmd190d2VldF9lZGl0X2JhY2tlbmQiOnsiYnVja2V0Ijoib24iLCJ2ZXJzaW9uIjpudWxsfSwidGZ3X3JlZnNyY19zZXNzaW9uIjp7ImJ1Y2tldCI6Im9uIiwidmVyc2lvbiI6bnVsbH0sInRmd19zaG93X2J1c2luZXNzX3ZlcmlmaWVkX2JhZGdlIjp7ImJ1Y2tldCI6Im9uIiwidmVyc2lvbiI6bnVsbH0sInRmd19jaGluX3BpbGxzXzE0NzQxIjp7ImJ1Y2tldCI6ImNvbG9yX2ljb25zIiwidmVyc2lvbiI6bnVsbH0sInRmd190d2VldF9yZXN1bHRfbWlncmF0aW9uXzEzOTc5Ijp7ImJ1Y2tldCI6InR3ZWV0X3Jlc3VsdCIsInZlcnNpb24iOm51bGx9LCJ0ZndfbWl4ZWRfbWVkaWFfMTU4OTciOnsiYnVja2V0IjoidHJlYXRtZW50IiwidmVyc2lvbiI6bnVsbH0sInRmd19zZW5zaXRpdmVfbWVkaWFfaW50ZXJzdGl0aWFsXzEzOTYzIjp7ImJ1Y2tldCI6ImludGVyc3RpdGlhbCIsInZlcnNpb24iOm51bGx9LCJ0ZndfZXhwZXJpbWVudHNfY29va2llX2V4cGlyYXRpb24iOnsiYnVja2V0IjoxMjA5NjAwLCJ2ZXJzaW9uIjpudWxsfSwidGZ3X2R1cGxpY2F0ZV9zY3JpYmVzX3RvX3NldHRpbmdzIjp7ImJ1Y2tldCI6Im9uIiwidmVyc2lvbiI6bnVsbH0sInRmd192aWRlb19obHNfZHluYW1pY19tYW5pZmVzdHNfMTUwODIiOnsiYnVja2V0IjoidHJ1ZV9iaXRyYXRlIiwidmVyc2lvbiI6bnVsbH0sInRmd19zaG93X2JsdWVfdmVyaWZpZWRfYmFkZ2UiOnsiYnVja2V0Ijoib24iLCJ2ZXJzaW9uIjpudWxsfSwidGZ3X3Nob3dfZ292X3ZlcmlmaWVkX2JhZGdlIjp7ImJ1Y2tldCI6Im9uIiwidmVyc2lvbiI6bnVsbH0sInRmd19zaG93X2J1c2luZXNzX2FmZmlsaWF0ZV9iYWRnZSI6eyJidWNrZXQiOiJvbiIsInZlcnNpb24iOm51bGx9LCJ0ZndfdHdlZXRfZWRpdF9mcm9udGVuZCI6eyJidWNrZXQiOiJvbiIsInZlcnNpb24iOm51bGx9fQ%3D%3D&amp;frame=false&amp;hideCard=false&amp;hideThread=false&amp;id=1611116792717402112&amp;lang=es&amp;origin=https%3A%2F%2Felpais.com%2Fmexico%2F2023-01-05%2Fla-recaptura-de-ovidio-guzman-en-vivo.html&amp;sessionId=522e5ab27c0e1e04b0141d52ff0499506e85fcbb&amp;siteScreenName=elpaismexico&amp;theme=light&amp;widgetsVersion=a3525f077c700%3A1667415560940&amp;width=550px\" frameborder=\"0\" scrolling=\"no\" allowfullscreen=\"allowfullscreen\" data-tweet-id=\"1611116792717402112\" data-mce-fragment=\"1\"><\/iframe><\/div>\n<div><\/div>\n<\/div>\n<div class=\"a_lb_p_s\"><time class=\"da\" datetime=\"Thu Jan 05 2023 22:18:25 GMT+0000 (Coordinated Universal Time)\">16:18<\/time><\/p>\n<div class=\"w_rs\" data-dtm-region=\"articulo_botonera-social\">\n<div class=\"w_rs_i\"><\/div>\n<\/div>\n<\/div>\n<\/div>\n<\/div>\n<div id=\"1672952475-31eb7129bce84fa216a37ee6b9624854\" class=\"_df post\" style=\"text-align: justify;\" data-timestamp=\"1672952475\">\n<div class=\"a_lb_p _df\">\n<div class=\"a_lb_p_in\">\n<p><strong>Estados fronterizos con Sinaloa se preparan para el \u00abefecto cucaracha\u00bb de integrantes de los carteles del narcotr\u00e1fico<\/strong><\/p>\n<p>Tras la captura de Ovidio Guzm\u00e1n, hijo de El Chapo Guzm\u00e1n, los Estados colindantes a Sinaloa se preparan reforzando su seguridad en las fronteras comunes. Sonora, Durango, Chihuahua, y Nayarit est\u00e1n muy atentos a las posibles consecuencias que pueda ocasionar la captura del buscado criminal. En Sinaloa se ha desatado la violencia por todo el Estado y se han cortado varias carreteras y aeropuertos.<\/p>\n<p>En el Estado de Durango, el titular de la Secretar\u00eda de Seguridad P\u00fablica, \u00d3scar Armando\u00a0Galv\u00e1n Villarreal, ha asegurado que, de momento y aunque siguen atentos, no hay grandes problemas en la regi\u00f3n. \u00abEn este momento podemos sentirnos seguros que tenemos una estrategia adecuada en coordinaci\u00f3n con el resto de instituciones\u00bb, ha informado Galv\u00e1n. En Nayarit, las autoridades han realizado un despliegue de personal de las fuerzas del orden, \u00abpara reforzar las tareas de seguridad y salvaguardar de la ciudadan\u00eda en las fronteras norte de la entidad\u00bb. El objetivo es evitar el llamado \u00abefecto cucaracha\u00bb que suele darse en este tipo de situaciones, en el que los individuos de los carteles que operan en Sinaloa se trasladan a otros estados hasta que se calma la situaci\u00f3n.<\/p>\n<p>&nbsp;<\/p>\n<div class=\"twitter-tweet twitter-tweet-rendered\"><iframe id=\"twitter-widget-3\" class=\"\" title=\"Twitter Tweet\" src=\"https:\/\/platform.twitter.com\/embed\/Tweet.html?dnt=false&amp;embedId=twitter-widget-3&amp;features=eyJ0ZndfdGltZWxpbmVfbGlzdCI6eyJidWNrZXQiOlsibGlua3RyLmVlIiwidHIuZWUiLCJ0ZXJyYS5jb20uYnIiLCJ3d3cubGlua3RyLmVlIiwid3d3LnRyLmVlIiwid3d3LnRlcnJhLmNvbS5iciJdLCJ2ZXJzaW9uIjpudWxsfSwidGZ3X2hvcml6b25fdGltZWxpbmVfMTIwMzQiOnsiYnVja2V0IjoidHJlYXRtZW50IiwidmVyc2lvbiI6bnVsbH0sInRmd190d2VldF9lZGl0X2JhY2tlbmQiOnsiYnVja2V0Ijoib24iLCJ2ZXJzaW9uIjpudWxsfSwidGZ3X3JlZnNyY19zZXNzaW9uIjp7ImJ1Y2tldCI6Im9uIiwidmVyc2lvbiI6bnVsbH0sInRmd19zaG93X2J1c2luZXNzX3ZlcmlmaWVkX2JhZGdlIjp7ImJ1Y2tldCI6Im9uIiwidmVyc2lvbiI6bnVsbH0sInRmd19jaGluX3BpbGxzXzE0NzQxIjp7ImJ1Y2tldCI6ImNvbG9yX2ljb25zIiwidmVyc2lvbiI6bnVsbH0sInRmd190d2VldF9yZXN1bHRfbWlncmF0aW9uXzEzOTc5Ijp7ImJ1Y2tldCI6InR3ZWV0X3Jlc3VsdCIsInZlcnNpb24iOm51bGx9LCJ0ZndfbWl4ZWRfbWVkaWFfMTU4OTciOnsiYnVja2V0IjoidHJlYXRtZW50IiwidmVyc2lvbiI6bnVsbH0sInRmd19zZW5zaXRpdmVfbWVkaWFfaW50ZXJzdGl0aWFsXzEzOTYzIjp7ImJ1Y2tldCI6ImludGVyc3RpdGlhbCIsInZlcnNpb24iOm51bGx9LCJ0ZndfZXhwZXJpbWVudHNfY29va2llX2V4cGlyYXRpb24iOnsiYnVja2V0IjoxMjA5NjAwLCJ2ZXJzaW9uIjpudWxsfSwidGZ3X2R1cGxpY2F0ZV9zY3JpYmVzX3RvX3NldHRpbmdzIjp7ImJ1Y2tldCI6Im9uIiwidmVyc2lvbiI6bnVsbH0sInRmd192aWRlb19obHNfZHluYW1pY19tYW5pZmVzdHNfMTUwODIiOnsiYnVja2V0IjoidHJ1ZV9iaXRyYXRlIiwidmVyc2lvbiI6bnVsbH0sInRmd19zaG93X2JsdWVfdmVyaWZpZWRfYmFkZ2UiOnsiYnVja2V0Ijoib24iLCJ2ZXJzaW9uIjpudWxsfSwidGZ3X3Nob3dfZ292X3ZlcmlmaWVkX2JhZGdlIjp7ImJ1Y2tldCI6Im9uIiwidmVyc2lvbiI6bnVsbH0sInRmd19zaG93X2J1c2luZXNzX2FmZmlsaWF0ZV9iYWRnZSI6eyJidWNrZXQiOiJvbiIsInZlcnNpb24iOm51bGx9LCJ0ZndfdHdlZXRfZWRpdF9mcm9udGVuZCI6eyJidWNrZXQiOiJvbiIsInZlcnNpb24iOm51bGx9fQ%3D%3D&amp;frame=false&amp;hideCard=false&amp;hideThread=false&amp;id=1611071299685679105&amp;lang=es&amp;origin=https%3A%2F%2Felpais.com%2Fmexico%2F2023-01-05%2Fla-recaptura-de-ovidio-guzman-en-vivo.html&amp;sessionId=522e5ab27c0e1e04b0141d52ff0499506e85fcbb&amp;siteScreenName=elpaismexico&amp;theme=light&amp;widgetsVersion=a3525f077c700%3A1667415560940&amp;width=550px\" frameborder=\"0\" scrolling=\"no\" allowfullscreen=\"allowfullscreen\" data-tweet-id=\"1611071299685679105\" data-mce-fragment=\"1\"><\/iframe><\/div>\n<\/div>\n<div class=\"a_lb_p_s\"><time class=\"da\" datetime=\"Thu Jan 05 2023 21:01:15 GMT+0000 (Coordinated Universal Time)\">15:01<\/time><\/p>\n<div class=\"w_rs\" data-dtm-region=\"articulo_botonera-social\">\n<div class=\"w_rs_i\"><\/div>\n<\/div>\n<\/div>\n<\/div>\n<\/div>\n<div id=\"1672952245-1a01c6c8da649ed10fdd5758cb4a7f2e\" class=\"_df post\" style=\"text-align: justify;\" data-timestamp=\"1672952245\">\n<div class=\"a_lb_p _df\">\n<div class=\"a_lb_p_in\">\n<h3>Aerom\u00e9xico extiende las cancelaciones de vuelos a Sonora<\/h3>\n<p>La aerol\u00ednea mexicana ha anunciado en tambi\u00e9n cancelar\u00e1 sus operaciones hacia el aeropuerto de Ciudad Obreg\u00f3n, en Sonora. Este Estado es vecino de Sinaloa y tambi\u00e9n es parte del territorio controlado por el Cartel de Sinaloa. La aerol\u00ednea ha evitado dar m\u00e1s explicaciones sobre la decisi\u00f3n de cancelar los vuelos a ese destino.<\/p>\n<p>&nbsp;<\/p>\n<div class=\"twitter-tweet twitter-tweet-rendered\"><iframe id=\"twitter-widget-4\" class=\"\" title=\"Twitter Tweet\" src=\"https:\/\/platform.twitter.com\/embed\/Tweet.html?dnt=false&amp;embedId=twitter-widget-4&amp;features=eyJ0ZndfdGltZWxpbmVfbGlzdCI6eyJidWNrZXQiOlsibGlua3RyLmVlIiwidHIuZWUiLCJ0ZXJyYS5jb20uYnIiLCJ3d3cubGlua3RyLmVlIiwid3d3LnRyLmVlIiwid3d3LnRlcnJhLmNvbS5iciJdLCJ2ZXJzaW9uIjpudWxsfSwidGZ3X2hvcml6b25fdGltZWxpbmVfMTIwMzQiOnsiYnVja2V0IjoidHJlYXRtZW50IiwidmVyc2lvbiI6bnVsbH0sInRmd190d2VldF9lZGl0X2JhY2tlbmQiOnsiYnVja2V0Ijoib24iLCJ2ZXJzaW9uIjpudWxsfSwidGZ3X3JlZnNyY19zZXNzaW9uIjp7ImJ1Y2tldCI6Im9uIiwidmVyc2lvbiI6bnVsbH0sInRmd19zaG93X2J1c2luZXNzX3ZlcmlmaWVkX2JhZGdlIjp7ImJ1Y2tldCI6Im9uIiwidmVyc2lvbiI6bnVsbH0sInRmd19jaGluX3BpbGxzXzE0NzQxIjp7ImJ1Y2tldCI6ImNvbG9yX2ljb25zIiwidmVyc2lvbiI6bnVsbH0sInRmd190d2VldF9yZXN1bHRfbWlncmF0aW9uXzEzOTc5Ijp7ImJ1Y2tldCI6InR3ZWV0X3Jlc3VsdCIsInZlcnNpb24iOm51bGx9LCJ0ZndfbWl4ZWRfbWVkaWFfMTU4OTciOnsiYnVja2V0IjoidHJlYXRtZW50IiwidmVyc2lvbiI6bnVsbH0sInRmd19zZW5zaXRpdmVfbWVkaWFfaW50ZXJzdGl0aWFsXzEzOTYzIjp7ImJ1Y2tldCI6ImludGVyc3RpdGlhbCIsInZlcnNpb24iOm51bGx9LCJ0ZndfZXhwZXJpbWVudHNfY29va2llX2V4cGlyYXRpb24iOnsiYnVja2V0IjoxMjA5NjAwLCJ2ZXJzaW9uIjpudWxsfSwidGZ3X2R1cGxpY2F0ZV9zY3JpYmVzX3RvX3NldHRpbmdzIjp7ImJ1Y2tldCI6Im9uIiwidmVyc2lvbiI6bnVsbH0sInRmd192aWRlb19obHNfZHluYW1pY19tYW5pZmVzdHNfMTUwODIiOnsiYnVja2V0IjoidHJ1ZV9iaXRyYXRlIiwidmVyc2lvbiI6bnVsbH0sInRmd19zaG93X2JsdWVfdmVyaWZpZWRfYmFkZ2UiOnsiYnVja2V0Ijoib24iLCJ2ZXJzaW9uIjpudWxsfSwidGZ3X3Nob3dfZ292X3ZlcmlmaWVkX2JhZGdlIjp7ImJ1Y2tldCI6Im9uIiwidmVyc2lvbiI6bnVsbH0sInRmd19zaG93X2J1c2luZXNzX2FmZmlsaWF0ZV9iYWRnZSI6eyJidWNrZXQiOiJvbiIsInZlcnNpb24iOm51bGx9LCJ0ZndfdHdlZXRfZWRpdF9mcm9udGVuZCI6eyJidWNrZXQiOiJvbiIsInZlcnNpb24iOm51bGx9fQ%3D%3D&amp;frame=false&amp;hideCard=false&amp;hideThread=false&amp;id=1611095809621217294&amp;lang=es&amp;origin=https%3A%2F%2Felpais.com%2Fmexico%2F2023-01-05%2Fla-recaptura-de-ovidio-guzman-en-vivo.html&amp;sessionId=522e5ab27c0e1e04b0141d52ff0499506e85fcbb&amp;siteScreenName=elpaismexico&amp;theme=light&amp;widgetsVersion=a3525f077c700%3A1667415560940&amp;width=550px\" frameborder=\"0\" scrolling=\"no\" allowfullscreen=\"allowfullscreen\" data-tweet-id=\"1611095809621217294\" data-mce-fragment=\"1\"><\/iframe><\/div>\n<\/div>\n<div class=\"a_lb_p_s\"><time class=\"da\" datetime=\"Thu Jan 05 2023 20:57:25 GMT+0000 (Coordinated Universal Time)\">14:57<\/time><\/p>\n<div class=\"w_rs\" data-dtm-region=\"articulo_botonera-social\">\n<div class=\"w_rs_i\"><\/div>\n<\/div>\n<\/div>\n<\/div>\n<\/div>\n<div id=\"1672950255-394ed742beb59764b94eaebcf58d25d5\" class=\"_df post\" style=\"text-align: justify;\" data-timestamp=\"1672950255\">\n<div class=\"a_lb_p _df\">\n<div class=\"a_lb_p_in\">\n<h3>El gobernador de Sinaloa pide precauci\u00f3n a los habitantes de su Estado<\/h3>\n<p>Rub\u00e9n Rocha ha pedido a los habitantes de Sinaloa no bajar la guardia y evitar salir a la calle. En una entrevista con\u00a0<i>Milenio Televisi\u00f3n<\/i>\u00a0ha confirmado que al menos 18 personas se encuentran heridas y est\u00e1n siendo atendidas en los hospitales locales, entre ellos hay civiles y militares. \u00abNo estamos en una situaci\u00f3n de alarma absoluta\u00bb, ha dicho. Rocha asegura que la situaci\u00f3n en la capital del Estado se encuentra bajo control.<\/p>\n<\/div>\n<div class=\"a_lb_p_s\"><time class=\"da\" datetime=\"Thu Jan 05 2023 20:24:15 GMT+0000 (Coordinated Universal Time)\">14:24<\/time><\/p>\n<div class=\"w_rs\" data-dtm-region=\"articulo_botonera-social\">\n<div class=\"w_rs_i\"><\/div>\n<div class=\"w_rs_i\"><\/div>\n<\/div>\n<\/div>\n<\/div>\n<\/div>\n<div id=\"1672949419-c5253a4642b25a6dab0344993566c756\" class=\"_df post\" style=\"text-align: justify;\" data-timestamp=\"1672949419\">\n<div class=\"a_lb_p _df\">\n<div class=\"a_lb_p_in\">\n<div><img loading=\"lazy\" decoding=\"async\" class=\"_re\" src=\"https:\/\/mediagroup.mx\/wp-content\/uploads\/2023\/06\/1672949419-c5253a4642b25a6dab0344993566c756.jpg\" alt=\"\" width=\"432\" height=\"194\" \/><\/div>\n<h3><strong>Ovidio Guzm\u00e1n permanece en la Fiscal\u00eda en Ciudad de M\u00e9xico<\/strong><\/h3>\n<p>El hijo de El Chapo se encuentra en una de las oficinas de la Fiscal\u00eda General de la Rep\u00fablica en Ciudad de M\u00e9xico. Las fuerzas de seguridad mantienen un fuerte operativo en la FEMDO, ubicada en Paseo de la Reforma. Miembros de la Guardia Nacional han cerrado las calles aleda\u00f1as a la oficinas donde regularmente los miembros de grupos de delincuencia organizada dan declaraciones al Ministerio P\u00fablico.<\/p>\n<p>Foto: Hector Guerrero<\/p>\n<\/div>\n<div class=\"a_lb_p_s\"><time class=\"da\" datetime=\"Thu Jan 05 2023 20:10:19 GMT+0000 (Coordinated Universal Time)\">14:10<\/time><\/p>\n<div class=\"w_rs\" data-dtm-region=\"articulo_botonera-social\">\n<div class=\"w_rs_i\"><\/div>\n<div class=\"w_rs_i\"><\/div>\n<div class=\"w_rs_i\"><\/div>\n<div class=\"w_rs_i\"><\/div>\n<\/div>\n<\/div>\n<\/div>\n<\/div>\n<div id=\"1672948590-67af41301c7086d5946629b1c39ed7d7\" class=\"_df post\" style=\"text-align: justify;\" data-timestamp=\"1672948590\">\n<div class=\"a_lb_p _df\">\n<div class=\"a_lb_p_in\">\n<div><img loading=\"lazy\" decoding=\"async\" class=\"_re\" src=\"https:\/\/mediagroup.mx\/wp-content\/uploads\/2023\/06\/1672948590-67af41301c7086d5946629b1c39ed7d7.jpg\" alt=\"\" width=\"432\" height=\"304\" \/><\/div>\n<h2><strong>Los dos jueves negros de Ovidio Guzm\u00e1n<\/strong><\/h2>\n<p>A tres a\u00f1os y tres meses del Culiacanazo, el Ej\u00e9rcito mexicano ha detenido finalmente este jueves a Ovidio Guzm\u00e1n, hijo de El Chapo, en Sinaloa, en el norte del pa\u00eds. Antes del mediod\u00eda, un avi\u00f3n militar ha trasladado al narcotraficante a la capital y se ha dirigido hasta el Campo Militar n\u00famero uno de Ciudad de M\u00e9xico. La captura se ha producido de madrugada y ha generado una reacci\u00f3n brutal del grupo criminal de Guzm\u00e1n, conocido como Los Chapitos, una de las facciones del Cartel de Sinaloa.<\/p>\n<p>Lo cuenta\u00a0<strong>Pablo Ferri desde Ciudad de M\u00e9xico<\/strong>. Lea la nota completa\u00a0<strong><a href=\"http:\/\/cort.as\/-a8jx\" target=\"_blank\" rel=\"noopener\" data-link-track-dtm=\"\">aqu\u00ed<\/a><\/strong>.<\/p>\n<p><strong>Foto:<\/strong>\u00a0AFP<\/p>\n<p>&nbsp;<\/p>\n<\/div>\n<div class=\"a_lb_p_s\"><time class=\"da\" datetime=\"Thu Jan 05 2023 19:56:30 GMT+0000 (Coordinated Universal Time)\">13:56<\/time><\/p>\n<div class=\"w_rs\" data-dtm-region=\"articulo_botonera-social\">\n<div class=\"w_rs_i\"><\/div>\n<div class=\"w_rs_i\"><\/div>\n<div class=\"w_rs_i\"><\/div>\n<div class=\"w_rs_i\"><\/div>\n<\/div>\n<\/div>\n<\/div>\n<\/div>\n<div id=\"1672947998-4eb8de981bd1b4c15b9272601e6838c4\" class=\"_df post\" style=\"text-align: justify;\" data-timestamp=\"1672947998\">\n<div class=\"a_lb_p _df\">\n<div class=\"a_lb_p_in\">\n<div><img loading=\"lazy\" decoding=\"async\" class=\"_re\" src=\"https:\/\/mediagroup.mx\/wp-content\/uploads\/2023\/06\/1672947998-4eb8de981bd1b4c15b9272601e6838c4.jpg\" alt=\"\" width=\"432\" height=\"288\" \/><\/div>\n<p><strong>Cabos sueltos, certezas y nuevos datos de la conferencia de prensa sobre la detenci\u00f3n de Ovidio Guzm\u00e1n<\/strong><\/p>\n<p>El Gabinete de Seguridad de Andr\u00e9s Manuel L\u00f3pez Obrador ha roto el silencio sobre el operativo contra Ovidio Guzm\u00e1n. Luis Cresencio Sandoval, secretario de la Defensa Nacional, ha sido el encargado de revelar los detalles sobre la detenci\u00f3n, que tom\u00f3 m\u00e1s de seis meses de trabajos de inteligencia. Las Fuerzas Armadas han anotado el tanto del arresto a la Guardia Nacional, la principal apuesta de esta Administraci\u00f3n para las tareas de seguridad p\u00fablica. La captura contra el hijo de\u00a0<i>El Chapo<\/i>\u00a0Guzm\u00e1n es el mayor resultado en la historia de esa corporaci\u00f3n, por la que el presidente pele\u00f3 que estuviera bajo mando militar.<\/p>\n<p>El operativo se dio a primera hora de este jueves. Los elementos de la Guardia Nacional interceptaron el veh\u00edculo donde viajaba el capo en Jes\u00fas Mar\u00eda, una comunidad de Culiac\u00e1n, la capital del Estado de Sinaloa. Los agentes fueron agredidos, pero lograron identificar y detener a Guzm\u00e1n, identificado como l\u00edder de una facci\u00f3n del Cartel de Sinaloa.<\/p>\n<p>Las autoridades no han dado a conocer qu\u00e9 delitos se imputan a Guzm\u00e1n ni tampoco han dicho si ser\u00e1 extraditado a Estados Unidos, donde El Chapo fue condenado a cadena perpetua por narcotr\u00e1fico. La detenci\u00f3n se ha producido a unos d\u00edas de la visita del presidente Joe Biden a M\u00e9xico por la Cumbre de L\u00edderes de Am\u00e9rica del Norte.<\/p>\n<p>El informe de las autoridades es que el narco respondi\u00f3 con 19 bloqueos en la entidad. Se habl\u00f3 de ataques en instalaciones militares, aeropuertos e infraestructura cr\u00edtica para el Estado en ciudades como Culiac\u00e1n, Los Mochis y Guasave. El puerto de Mazatl\u00e1n tambi\u00e9n est\u00e1 en alerta. No se ofreci\u00f3 informaci\u00f3n sobre detenidos, heridos ni muertos. Lo que se sabe, a trav\u00e9s de la Secretar\u00eda estatal de Seguridad P\u00fablica, es que hay por lo menos siete polic\u00edas lesionados, aunque es una cifra preliminar. Lo m\u00e1s probable es que el saldo se incremente conforme haya m\u00e1s datos oficiales.<\/p>\n<p>\u00abCero impunidad\u00bb, dijeron las autoridades. Una respuesta directa a los ecos del\u00a0<i>Culiacanazo<\/i>, el d\u00eda negro de la detenci\u00f3n fallida de Guzm\u00e1n en 2019.<\/p>\n<p><strong>Foto:<\/strong>\u00a0Efe<\/p>\n<p>&nbsp;<\/p>\n<\/div>\n<div class=\"a_lb_p_s\"><time class=\"da\" datetime=\"Thu Jan 05 2023 19:46:38 GMT+0000 (Coordinated Universal Time)\">13:46<\/time><\/p>\n<div class=\"w_rs\" data-dtm-region=\"articulo_botonera-social\">\n<div class=\"w_rs_i\"><\/div>\n<div class=\"w_rs_i\"><\/div>\n<\/div>\n<\/div>\n<\/div>\n<\/div>\n<div id=\"1672946417-0c9fe0925c1410cb35c85eb407c1a8af\" class=\"_df post\" style=\"text-align: justify;\" data-timestamp=\"1672946417\">\n<div class=\"a_lb_p _df\">\n<div class=\"a_lb_p_in\">\n<p><strong>Varias compa\u00f1\u00edas de autobuses suspenden su actividad en Sinaloa<\/strong><\/p>\n<p>Las compa\u00f1\u00edas de autobuses ETN, TAP y Primera Plus\u00a0han cancelado por el momento sus servicios en varias ciudades del Estado de Sinaloa por la violencia, las balaceras y los coches incendiados en medio de la carretera que ponen en peligro a los pasajeros. Primera Plus ha suspendido sus servicios desde y hacia Mazatl\u00e1n. ETN ha cancelado sus viajes con Mazatl\u00e1n y Culiac\u00e1n hasta nuevo aviso. Transportes y Autobuses del Pac\u00edfico (TAP) ha cancelado las comunicaciones con Culiac\u00e1n y otros puntos del Estado de Sinaloa, seg\u00fan un comunicado emitido por la compa\u00f1\u00eda. Esto se une al cierre total del aeropuerto\u00a0de la ciudad, en la que tambi\u00e9n se han suspendido las clases y la actividad laboral.<\/p>\n<p>&nbsp;<\/p>\n<div class=\"twitter-tweet twitter-tweet-rendered\"><iframe id=\"twitter-widget-5\" class=\"\" title=\"Twitter Tweet\" src=\"https:\/\/platform.twitter.com\/embed\/Tweet.html?dnt=false&amp;embedId=twitter-widget-5&amp;features=eyJ0ZndfdGltZWxpbmVfbGlzdCI6eyJidWNrZXQiOlsibGlua3RyLmVlIiwidHIuZWUiLCJ0ZXJyYS5jb20uYnIiLCJ3d3cubGlua3RyLmVlIiwid3d3LnRyLmVlIiwid3d3LnRlcnJhLmNvbS5iciJdLCJ2ZXJzaW9uIjpudWxsfSwidGZ3X2hvcml6b25fdGltZWxpbmVfMTIwMzQiOnsiYnVja2V0IjoidHJlYXRtZW50IiwidmVyc2lvbiI6bnVsbH0sInRmd190d2VldF9lZGl0X2JhY2tlbmQiOnsiYnVja2V0Ijoib24iLCJ2ZXJzaW9uIjpudWxsfSwidGZ3X3JlZnNyY19zZXNzaW9uIjp7ImJ1Y2tldCI6Im9uIiwidmVyc2lvbiI6bnVsbH0sInRmd19zaG93X2J1c2luZXNzX3ZlcmlmaWVkX2JhZGdlIjp7ImJ1Y2tldCI6Im9uIiwidmVyc2lvbiI6bnVsbH0sInRmd19jaGluX3BpbGxzXzE0NzQxIjp7ImJ1Y2tldCI6ImNvbG9yX2ljb25zIiwidmVyc2lvbiI6bnVsbH0sInRmd190d2VldF9yZXN1bHRfbWlncmF0aW9uXzEzOTc5Ijp7ImJ1Y2tldCI6InR3ZWV0X3Jlc3VsdCIsInZlcnNpb24iOm51bGx9LCJ0ZndfbWl4ZWRfbWVkaWFfMTU4OTciOnsiYnVja2V0IjoidHJlYXRtZW50IiwidmVyc2lvbiI6bnVsbH0sInRmd19zZW5zaXRpdmVfbWVkaWFfaW50ZXJzdGl0aWFsXzEzOTYzIjp7ImJ1Y2tldCI6ImludGVyc3RpdGlhbCIsInZlcnNpb24iOm51bGx9LCJ0ZndfZXhwZXJpbWVudHNfY29va2llX2V4cGlyYXRpb24iOnsiYnVja2V0IjoxMjA5NjAwLCJ2ZXJzaW9uIjpudWxsfSwidGZ3X2R1cGxpY2F0ZV9zY3JpYmVzX3RvX3NldHRpbmdzIjp7ImJ1Y2tldCI6Im9uIiwidmVyc2lvbiI6bnVsbH0sInRmd192aWRlb19obHNfZHluYW1pY19tYW5pZmVzdHNfMTUwODIiOnsiYnVja2V0IjoidHJ1ZV9iaXRyYXRlIiwidmVyc2lvbiI6bnVsbH0sInRmd19zaG93X2JsdWVfdmVyaWZpZWRfYmFkZ2UiOnsiYnVja2V0Ijoib24iLCJ2ZXJzaW9uIjpudWxsfSwidGZ3X3Nob3dfZ292X3ZlcmlmaWVkX2JhZGdlIjp7ImJ1Y2tldCI6Im9uIiwidmVyc2lvbiI6bnVsbH0sInRmd19zaG93X2J1c2luZXNzX2FmZmlsaWF0ZV9iYWRnZSI6eyJidWNrZXQiOiJvbiIsInZlcnNpb24iOm51bGx9LCJ0ZndfdHdlZXRfZWRpdF9mcm9udGVuZCI6eyJidWNrZXQiOiJvbiIsInZlcnNpb24iOm51bGx9fQ%3D%3D&amp;frame=false&amp;hideCard=false&amp;hideThread=false&amp;id=1611064575683616768&amp;lang=es&amp;origin=https%3A%2F%2Felpais.com%2Fmexico%2F2023-01-05%2Fla-recaptura-de-ovidio-guzman-en-vivo.html&amp;sessionId=522e5ab27c0e1e04b0141d52ff0499506e85fcbb&amp;siteScreenName=elpaismexico&amp;theme=light&amp;widgetsVersion=a3525f077c700%3A1667415560940&amp;width=550px\" frameborder=\"0\" scrolling=\"no\" allowfullscreen=\"allowfullscreen\" data-tweet-id=\"1611064575683616768\" data-mce-fragment=\"1\"><\/iframe><\/div>\n<p>&nbsp;<\/p>\n<\/div>\n<div class=\"a_lb_p_s\"><time class=\"da\" datetime=\"Thu Jan 05 2023 19:20:17 GMT+0000 (Coordinated Universal Time)\">13:20<\/time><\/p>\n<div class=\"w_rs\" data-dtm-region=\"articulo_botonera-social\">\n<div class=\"w_rs_i\"><\/div>\n<div class=\"w_rs_i\"><\/div>\n<\/div>\n<\/div>\n<\/div>\n<\/div>\n<div id=\"1672946115-20c2e6bb78fc365379aedf8218d38519\" class=\"_df post\" style=\"text-align: justify;\" data-timestamp=\"1672946115\">\n<div class=\"a_lb_p _df\">\n<div class=\"a_lb_p_in\">\n<p><strong>Las claves del informe de las autoridades<\/strong>:<\/p>\n<ul>\n<li>La Secretar\u00eda de la Defensa Nacional afirma que la\u00a0<strong>Guardia Nacional<\/strong>\u00a0estuvo a cargo del operativo de captura de Ovidio Guzm\u00e1n.<\/li>\n<li>Las autoridades\u00a0<strong>no dan un saldo de lesionados ni muertos<\/strong>\u00a0durante la ola de violencia en Sinaloa.<\/li>\n<li>El Ej\u00e9rcito da cuenta de\u00a0<strong>19 narcobloqueos<\/strong>\u00a0en la entidad.<\/li>\n<li>Los trabajos de inteligencia tomaron\u00a0<strong>seis meses<\/strong>\u00a0y se dieron en coordinaci\u00f3n con la Fiscal\u00eda General de la Rep\u00fablica y diversas corporaciones de Seguridad.<\/li>\n<li>El hijo de El Chapo Guzm\u00e1n es presentado como l\u00edder de\u00a0<strong>Los Chapitos o Los Menores<\/strong>, una facci\u00f3n del Cartel del Pac\u00edfico, una ramificaci\u00f3n del Cartel de Sinaloa.<\/li>\n<li>El narcotraficante ya est\u00e1 en\u00a0<strong>Ciudad de M\u00e9xico<\/strong>. Fue llevado a la Fiscal\u00eda Especializada en materia de Delincuencia Organizada.<\/li>\n<li>No se ha dado a conocer qu\u00e9 delitos se le imputan ni si ser\u00e1 extraditado a Estados Unidos.<\/li>\n<li>No hay informaci\u00f3n sobre otras personas detenidas.<\/li>\n<\/ul>\n<\/div>\n<div class=\"a_lb_p_s\"><time class=\"da\" datetime=\"Thu Jan 05 2023 19:15:15 GMT+0000 (Coordinated Universal Time)\">13:15<\/time><\/p>\n<div class=\"w_rs\" data-dtm-region=\"articulo_botonera-social\">\n<div class=\"w_rs_i\"><\/div>\n<div class=\"w_rs_i\"><\/div>\n<\/div>\n<\/div>\n<\/div>\n<\/div>\n<div id=\"1672945915-a896917a776e3b66dd587ad9a3039180\" class=\"_df post\" style=\"text-align: justify;\" data-timestamp=\"1672945915\">\n<div class=\"a_lb_p _df\">\n<div class=\"a_lb_p_in\">\n<p><strong>Concluye la conferencia sin espacio para preguntas de la prensa<\/strong><\/p>\n<\/div>\n<div class=\"a_lb_p_s\"><time class=\"da\" datetime=\"Thu Jan 05 2023 19:11:55 GMT+0000 (Coordinated Universal Time)\">13:11<\/time><\/p>\n<div class=\"w_rs\" data-dtm-region=\"articulo_botonera-social\">\n<div class=\"w_rs_i\"><\/div>\n<div class=\"w_rs_i\"><\/div>\n<\/div>\n<\/div>\n<\/div>\n<\/div>\n<div id=\"1672945883-728a405661974b7497cc7746b92678a0\" class=\"_df post\" style=\"text-align: justify;\" data-timestamp=\"1672945883\">\n<div class=\"a_lb_p _df\">\n<div class=\"a_lb_p_in\">\n<p><strong>Ovidio Guzm\u00e1n fue trasladado a Ciudad de M\u00e9xico y fue presentado ante la Fiscal\u00eda en materia de Delincuencia Organizada<\/strong><\/p>\n<p>&nbsp;<\/p>\n<\/div>\n<div class=\"a_lb_p_s\"><time class=\"da\" datetime=\"Thu Jan 05 2023 19:11:23 GMT+0000 (Coordinated Universal Time)\">13:11<\/time><\/p>\n<div class=\"w_rs\" data-dtm-region=\"articulo_botonera-social\">\n<div class=\"w_rs_i\"><\/div>\n<div class=\"w_rs_i\"><\/div>\n<\/div>\n<\/div>\n<\/div>\n<\/div>\n<div id=\"1672945808-00ad35095b4df12a6fb0b5bb77b92c37\" class=\"_df post\" style=\"text-align: justify;\" data-timestamp=\"1672945808\">\n<div class=\"a_lb_p _df\">\n<div class=\"a_lb_p_in\">\n<p><strong>Sandoval da detalles sobre la detenci\u00f3n de Ovidio Guzm\u00e1n<\/strong><\/p>\n<p>El Ej\u00e9rcito estableci\u00f3 un cerco contra veh\u00edculos donde se sospechaba que viajaba Ovidio Guzm\u00e1n. Elementos de la Guardia Nacional fueron agredidos al acercarse al convoy. Tras repeler la agresi\u00f3n, Guzm\u00e1n fue identificado. El narco respondi\u00f3 con 19 bloqueos en Sinaloa. Algunas de las zonas afectadas: aeropuertos, bases militares, carreteras en el Estado.<\/p>\n<\/div>\n<div class=\"a_lb_p_s\"><time class=\"da\" datetime=\"Thu Jan 05 2023 19:10:08 GMT+0000 (Coordinated Universal Time)\">13:10<\/time><\/p>\n<div class=\"w_rs\" data-dtm-region=\"articulo_botonera-social\">\n<div class=\"w_rs_i\"><\/div>\n<div class=\"w_rs_i\"><\/div>\n<\/div>\n<\/div>\n<\/div>\n<\/div>\n<div id=\"1672945657-a4c778595050d7e68cf8ef36f80780ae\" class=\"_df post\" data-timestamp=\"1672945657\">\n<div class=\"a_lb_p _df\">\n<div class=\"a_lb_p_in\">\n<p style=\"text-align: justify;\"><strong>El Ej\u00e9rcito confirma la detenci\u00f3n de Ovidio Guzm\u00e1n<\/strong><\/p>\n<p style=\"text-align: justify;\">Luis Cresencio Sandoval toma la palabra para dar detalles sobre el operativo contra Ovidio Guzm\u00e1n. El secretario de Defensa confirma que Ovidio Guzm\u00e1n fue detenido en Sinaloa, l\u00edder del Cartel del Pac\u00edfico, una facci\u00f3n del Cartel de Sinaloa comandada por los hijos de El Chapo. Los trabajos de inteligencia tomaron seis meses.<\/p>\n<p>&nbsp;<\/p>\n<\/div>\n<p>Con informaci\u00f3n de: El Pa\u00eds<\/p>\n<\/div>\n<\/div>\n<\/div>\n","protected":false},"excerpt":{"rendered":"<p>El arresto de Ovidio Guzm\u00e1n, hijo del Chapo y uno de los l\u00edderes del cartel de Sinaloa, ha desencadenado una ola de violencia en Culiac\u00e1n. Desde la madrugada\u00a0se suceden los bloqueos y las balaceras en la capital del Estado. La situaci\u00f3n ha recordado a la ocurrida en 2019, cuando la Guardia Nacional detuvo a Ovidio [&hellip;]<\/p>\n","protected":false},"author":1,"featured_media":44703,"comment_status":"open","ping_status":"open","sticky":false,"template":"","format":"standard","meta":{"om_disable_all_campaigns":false,"_monsterinsights_skip_tracking":false,"_monsterinsights_sitenote_active":false,"_monsterinsights_sitenote_note":"","_monsterinsights_sitenote_category":0,"_uf_show_specific_survey":0,"_uf_disable_surveys":false,"_jetpack_memberships_contains_paid_content":false,"footnotes":"","jetpack_publicize_message":"","jetpack_publicize_feature_enabled":true,"jetpack_social_post_already_shared":false,"jetpack_social_options":{"image_generator_settings":{"template":"highway","default_image_id":0,"enabled":false},"version":2}},"categories":[16],"tags":[],"class_list":{"0":"post-45935","1":"post","2":"type-post","3":"status-publish","4":"format-standard","5":"has-post-thumbnail","7":"category-viral"},"aioseo_notices":[],"jetpack_publicize_connections":[],"jetpack_featured_media_url":"https:\/\/mediagroup.mx\/wp-content\/uploads\/2023\/06\/Captura-de-pantalla-2023-01-05-a-las-20.11.59.png","jetpack_sharing_enabled":true,"_links":{"self":[{"href":"https:\/\/mediagroup.mx\/index.php\/wp-json\/wp\/v2\/posts\/45935","targetHints":{"allow":["GET"]}}],"collection":[{"href":"https:\/\/mediagroup.mx\/index.php\/wp-json\/wp\/v2\/posts"}],"about":[{"href":"https:\/\/mediagroup.mx\/index.php\/wp-json\/wp\/v2\/types\/post"}],"author":[{"embeddable":true,"href":"https:\/\/mediagroup.mx\/index.php\/wp-json\/wp\/v2\/users\/1"}],"replies":[{"embeddable":true,"href":"https:\/\/mediagroup.mx\/index.php\/wp-json\/wp\/v2\/comments?post=45935"}],"version-history":[{"count":1,"href":"https:\/\/mediagroup.mx\/index.php\/wp-json\/wp\/v2\/posts\/45935\/revisions"}],"predecessor-version":[{"id":45936,"href":"https:\/\/mediagroup.mx\/index.php\/wp-json\/wp\/v2\/posts\/45935\/revisions\/45936"}],"wp:featuredmedia":[{"embeddable":true,"href":"https:\/\/mediagroup.mx\/index.php\/wp-json\/wp\/v2\/media\/44703"}],"wp:attachment":[{"href":"https:\/\/mediagroup.mx\/index.php\/wp-json\/wp\/v2\/media?parent=45935"}],"wp:term":[{"taxonomy":"category","embeddable":true,"href":"https:\/\/mediagroup.mx\/index.php\/wp-json\/wp\/v2\/categories?post=45935"},{"taxonomy":"post_tag","embeddable":true,"href":"https:\/\/mediagroup.mx\/index.php\/wp-json\/wp\/v2\/tags?post=45935"}],"curies":[{"name":"wp","href":"https:\/\/api.w.org\/{rel}","templated":true}]}}