{"id":45943,"date":"2023-06-26T20:42:30","date_gmt":"2023-06-26T20:42:30","guid":{"rendered":"https:\/\/new.mediagroup.mx\/index.php\/2023\/06\/26\/con-liquidacion-de-deuda-jubilados-del-congreso-conquistan-justicia-laboral-julieta-garcia-2\/"},"modified":"2023-06-26T20:42:30","modified_gmt":"2023-06-26T20:42:30","slug":"con-liquidacion-de-deuda-jubilados-del-congreso-conquistan-justicia-laboral-julieta-garcia-2","status":"publish","type":"post","link":"https:\/\/mediagroup.mx\/index.php\/2023\/06\/26\/con-liquidacion-de-deuda-jubilados-del-congreso-conquistan-justicia-laboral-julieta-garcia-2\/","title":{"rendered":"Con liquidaci\u00f3n de deuda, jubilados del Congreso conquistan justicia laboral: Julieta Garc\u00eda"},"content":{"rendered":"<p style=\"text-align: justify;\">La liquidaci\u00f3n de la deuda que exist\u00eda en Pensiones Civiles del Estado garantiza el respeto a los derechos laborales de las y los trabajadores al servicio del pueblo de Michoac\u00e1n, y refleja la productiva relaci\u00f3n institucional que existe entre los poderes Legislativo y Ejecutivo, remarc\u00f3 la presidenta de la Mesa Directiva del Congreso de Michoac\u00e1n, Julieta Garc\u00eda Zepeda.<\/p>\n<p style=\"text-align: justify;\">La presidenta del Congreso local celebr\u00f3 que el Gobierno de Michoac\u00e1n haya saldado la deuda hist\u00f3rica que se ven\u00eda arrastrando con las y los trabajadores jubilados del Poder Legislativo, a quienes se dirigi\u00f3 para manifestarles todo su respaldo y acompa\u00f1amiento en defensa de sus derechos laborales.<\/p>\n<p style=\"text-align: justify;\">\u201cLa liquidaci\u00f3n de la deuda de 475 millones de pesos que exist\u00eda con Pensiones Civiles del Estado refleja los alcances institucionales que se pueden tener al mantener una relaci\u00f3n estrecha y respetuosa entre los poderes Legislativo y Ejecutivo\u201d, subray\u00f3.<\/p>\n<p style=\"text-align: justify;\">Finalmente, Julieta Garc\u00eda subray\u00f3 que, en aras se seguir construyendo plataformas que dignifiquen los derechos laborales de las y los trabajadores del Congreso local, la 75 Legislatura fortalecer\u00e1 lazos de coordinaci\u00f3n institucional con la administraci\u00f3n del gobernador Alfredo Ram\u00edrez Bedolla, a quien agradeci\u00f3 el gesto mostrado para con los empleados jubilados del Poder Legislativo.<\/p>\n","protected":false},"excerpt":{"rendered":"<p>La liquidaci\u00f3n de la deuda que exist\u00eda en Pensiones Civiles del Estado garantiza el respeto a los derechos laborales de las y los trabajadores al servicio del pueblo de Michoac\u00e1n, y refleja la productiva relaci\u00f3n institucional que existe entre los poderes Legislativo y Ejecutivo, remarc\u00f3 la presidenta de la Mesa Directiva del Congreso de Michoac\u00e1n, [&hellip;]<\/p>\n","protected":false},"author":1,"featured_media":44717,"comment_status":"open","ping_status":"open","sticky":false,"template":"","format":"standard","meta":{"om_disable_all_campaigns":false,"_monsterinsights_skip_tracking":false,"_monsterinsights_sitenote_active":false,"_monsterinsights_sitenote_note":"","_monsterinsights_sitenote_category":0,"_uf_show_specific_survey":0,"_uf_disable_surveys":false,"_jetpack_memberships_contains_paid_content":false,"footnotes":"","jetpack_publicize_message":"","jetpack_publicize_feature_enabled":true,"jetpack_social_post_already_shared":false,"jetpack_social_options":{"image_generator_settings":{"template":"highway","default_image_id":0,"enabled":false},"version":2}},"categories":[15],"tags":[],"class_list":{"0":"post-45943","1":"post","2":"type-post","3":"status-publish","4":"format-standard","5":"has-post-thumbnail","7":"category-michoacan"},"aioseo_notices":[],"jetpack_publicize_connections":[],"jetpack_featured_media_url":"https:\/\/mediagroup.mx\/wp-content\/uploads\/2023\/06\/WhatsApp-Image-2023-01-05-at-7.31.11-PM.jpeg","jetpack_sharing_enabled":true,"_links":{"self":[{"href":"https:\/\/mediagroup.mx\/index.php\/wp-json\/wp\/v2\/posts\/45943","targetHints":{"allow":["GET"]}}],"collection":[{"href":"https:\/\/mediagroup.mx\/index.php\/wp-json\/wp\/v2\/posts"}],"about":[{"href":"https:\/\/mediagroup.mx\/index.php\/wp-json\/wp\/v2\/types\/post"}],"author":[{"embeddable":true,"href":"https:\/\/mediagroup.mx\/index.php\/wp-json\/wp\/v2\/users\/1"}],"replies":[{"embeddable":true,"href":"https:\/\/mediagroup.mx\/index.php\/wp-json\/wp\/v2\/comments?post=45943"}],"version-history":[{"count":0,"href":"https:\/\/mediagroup.mx\/index.php\/wp-json\/wp\/v2\/posts\/45943\/revisions"}],"wp:featuredmedia":[{"embeddable":true,"href":"https:\/\/mediagroup.mx\/index.php\/wp-json\/wp\/v2\/media\/44717"}],"wp:attachment":[{"href":"https:\/\/mediagroup.mx\/index.php\/wp-json\/wp\/v2\/media?parent=45943"}],"wp:term":[{"taxonomy":"category","embeddable":true,"href":"https:\/\/mediagroup.mx\/index.php\/wp-json\/wp\/v2\/categories?post=45943"},{"taxonomy":"post_tag","embeddable":true,"href":"https:\/\/mediagroup.mx\/index.php\/wp-json\/wp\/v2\/tags?post=45943"}],"curies":[{"name":"wp","href":"https:\/\/api.w.org\/{rel}","templated":true}]}}