{"id":45944,"date":"2023-06-26T20:42:30","date_gmt":"2023-06-26T20:42:30","guid":{"rendered":"https:\/\/new.mediagroup.mx\/index.php\/2023\/06\/26\/en-escuelas-se-mantendran-las-mismas-medidas-sanitarias-contra-posibles-contagios-de-covid-19-gabriela-molina-2\/"},"modified":"2023-06-26T20:42:30","modified_gmt":"2023-06-26T20:42:30","slug":"en-escuelas-se-mantendran-las-mismas-medidas-sanitarias-contra-posibles-contagios-de-covid-19-gabriela-molina-2","status":"publish","type":"post","link":"https:\/\/mediagroup.mx\/index.php\/2023\/06\/26\/en-escuelas-se-mantendran-las-mismas-medidas-sanitarias-contra-posibles-contagios-de-covid-19-gabriela-molina-2\/","title":{"rendered":"En escuelas se mantendr\u00e1n las mismas medidas sanitarias contra posibles contagios de COVID-19: Gabriela Molina"},"content":{"rendered":"<p>La titular de la Secretar\u00eda de Educaci\u00f3n del Estado (SEE) Gabriela Molina Aguilar adelant\u00f3 que en conjunto con la Secretar\u00eda de Salud de Michoac\u00e1n (SSM) se determin\u00f3 que en las escuelas se mantendr\u00e1n las medidas mismas medidas sanitarias que se han mantenido hasta el momento.<\/p>\n<p>En entrevista, Gabriela Molina indic\u00f3 que entre estas medidas se encuentran la sana distancia entre los alumnos, la buena ventilaci\u00f3n de los salones y en caso de que alg\u00fan alumno o profesor presente s\u00edntomas de alguna enfermedad respiratoria mejor se resguarde en casa, adem\u00e1s de que el uso del cubrebocas tampoco ser\u00e1 obligatorio en los planteles educativos.<\/p>\n<p>A\u00f1adi\u00f3 que actualmente el nivel de contagios de COVID-19 se encuentra en niveles hasta 4 veces menores que en anteriores ciclos escolares, por lo que indic\u00f3 que actualmente solo es necesario que los padres y maestros tengan cuidado si alguno de los alumnos muestra s\u00cdntomas de contagio.<\/p>\n<p>&nbsp;<\/p>\n<p>Por: Miguel Santos<\/p>\n","protected":false},"excerpt":{"rendered":"<p>La titular de la Secretar\u00eda de Educaci\u00f3n del Estado (SEE) Gabriela Molina Aguilar adelant\u00f3 que en conjunto con la Secretar\u00eda de Salud de Michoac\u00e1n (SSM) se determin\u00f3 que en las escuelas se mantendr\u00e1n las medidas mismas medidas sanitarias que se han mantenido hasta el momento. En entrevista, Gabriela Molina indic\u00f3 que entre estas medidas se [&hellip;]<\/p>\n","protected":false},"author":1,"featured_media":44719,"comment_status":"open","ping_status":"open","sticky":false,"template":"","format":"standard","meta":{"om_disable_all_campaigns":false,"_monsterinsights_skip_tracking":false,"_monsterinsights_sitenote_active":false,"_monsterinsights_sitenote_note":"","_monsterinsights_sitenote_category":0,"_uf_show_specific_survey":0,"_uf_disable_surveys":false,"_jetpack_memberships_contains_paid_content":false,"footnotes":"","jetpack_publicize_message":"","jetpack_publicize_feature_enabled":true,"jetpack_social_post_already_shared":false,"jetpack_social_options":{"image_generator_settings":{"template":"highway","default_image_id":0,"enabled":false},"version":2}},"categories":[15],"tags":[],"class_list":{"0":"post-45944","1":"post","2":"type-post","3":"status-publish","4":"format-standard","5":"has-post-thumbnail","7":"category-michoacan"},"aioseo_notices":[],"jetpack_publicize_connections":[],"jetpack_featured_media_url":"https:\/\/mediagroup.mx\/wp-content\/uploads\/2023\/06\/99028A3C-1803-4E3A-82AB-4AE09AA9C311.jpeg","jetpack_sharing_enabled":true,"_links":{"self":[{"href":"https:\/\/mediagroup.mx\/index.php\/wp-json\/wp\/v2\/posts\/45944","targetHints":{"allow":["GET"]}}],"collection":[{"href":"https:\/\/mediagroup.mx\/index.php\/wp-json\/wp\/v2\/posts"}],"about":[{"href":"https:\/\/mediagroup.mx\/index.php\/wp-json\/wp\/v2\/types\/post"}],"author":[{"embeddable":true,"href":"https:\/\/mediagroup.mx\/index.php\/wp-json\/wp\/v2\/users\/1"}],"replies":[{"embeddable":true,"href":"https:\/\/mediagroup.mx\/index.php\/wp-json\/wp\/v2\/comments?post=45944"}],"version-history":[{"count":0,"href":"https:\/\/mediagroup.mx\/index.php\/wp-json\/wp\/v2\/posts\/45944\/revisions"}],"wp:featuredmedia":[{"embeddable":true,"href":"https:\/\/mediagroup.mx\/index.php\/wp-json\/wp\/v2\/media\/44719"}],"wp:attachment":[{"href":"https:\/\/mediagroup.mx\/index.php\/wp-json\/wp\/v2\/media?parent=45944"}],"wp:term":[{"taxonomy":"category","embeddable":true,"href":"https:\/\/mediagroup.mx\/index.php\/wp-json\/wp\/v2\/categories?post=45944"},{"taxonomy":"post_tag","embeddable":true,"href":"https:\/\/mediagroup.mx\/index.php\/wp-json\/wp\/v2\/tags?post=45944"}],"curies":[{"name":"wp","href":"https:\/\/api.w.org\/{rel}","templated":true}]}}