{"id":45950,"date":"2023-06-26T20:42:30","date_gmt":"2023-06-26T20:42:30","guid":{"rendered":"https:\/\/new.mediagroup.mx\/index.php\/2023\/06\/26\/moto-pistoleros-ejecutan-a-el-pepillo-en-el-fraccionamiento-real-valencia-2\/"},"modified":"2023-06-26T20:42:30","modified_gmt":"2023-06-26T20:42:30","slug":"moto-pistoleros-ejecutan-a-el-pepillo-en-el-fraccionamiento-real-valencia-2","status":"publish","type":"post","link":"https:\/\/mediagroup.mx\/index.php\/2023\/06\/26\/moto-pistoleros-ejecutan-a-el-pepillo-en-el-fraccionamiento-real-valencia-2\/","title":{"rendered":"Moto pistoleros ejecutan a \u201cEl Pepillo\u201d, en el Fraccionamiento Real Valencia"},"content":{"rendered":"<p>La noche de este viernes, un hombre que caminaba por las calles del Fraccionamiento Real de Valencia de Zamora, muri\u00f3 de forma inmediata al ser atacado a balazos por moto pistoleros, que tras cometer el asesinato huyeron con rumbo incierto.<\/p>\n<p>Lo anterior fue reportado alrededor de las 19:15 horas, en el Circuito Real de Valencia a la altura del inmueble n\u00famero 23, donde algunos vecinos escucharon las detonaciones y al asomarse observaron a un sujeto tirado en la v\u00eda p\u00fablica, mientras que los atacantes escapaban a bordo de una motocicleta.<\/p>\n<p>El hecho violento fue denunciado al servicio de emergencias, lo que moviliz\u00f3 a los elementos de la Polic\u00eda Municipal y Guardia Civil, as\u00ed como a los param\u00e9dicos de Comisi\u00f3n Nacional de Emergencias, estos \u00faltimos confirmaron el deceso del se\u00f1or Jos\u00e9 Leonardo G., H., apodado \u00abEl Pepillo\u00bb, de 45 a\u00f1os de edad, vecino de la misma colonia.<\/p>\n<p>El \u00e1rea de intervenci\u00f3n fue acordonada y m\u00e1s tarde el personal de la Unidad de Servicios Periciales y Escena de Crimen se encarg\u00f3 de realizar las respectivas actuaciones y el traslado del cad\u00e1ver al Semefo local para la pr\u00e1ctica de la necropsia de ley.<\/p>\n","protected":false},"excerpt":{"rendered":"<p>La noche de este viernes, un hombre que caminaba por las calles del Fraccionamiento Real de Valencia de Zamora, muri\u00f3 de forma inmediata al ser atacado a balazos por moto pistoleros, que tras cometer el asesinato huyeron con rumbo incierto. Lo anterior fue reportado alrededor de las 19:15 horas, en el Circuito Real de Valencia [&hellip;]<\/p>\n","protected":false},"author":1,"featured_media":44731,"comment_status":"open","ping_status":"open","sticky":false,"template":"","format":"standard","meta":{"om_disable_all_campaigns":false,"_monsterinsights_skip_tracking":false,"_monsterinsights_sitenote_active":false,"_monsterinsights_sitenote_note":"","_monsterinsights_sitenote_category":0,"_uf_show_specific_survey":0,"_uf_disable_surveys":false,"_jetpack_memberships_contains_paid_content":false,"footnotes":"","jetpack_publicize_message":"","jetpack_publicize_feature_enabled":true,"jetpack_social_post_already_shared":false,"jetpack_social_options":{"image_generator_settings":{"template":"highway","default_image_id":0,"enabled":false},"version":2}},"categories":[24],"tags":[],"class_list":{"0":"post-45950","1":"post","2":"type-post","3":"status-publish","4":"format-standard","5":"has-post-thumbnail","7":"category-seguridad"},"aioseo_notices":[],"jetpack_publicize_connections":[],"jetpack_featured_media_url":"https:\/\/mediagroup.mx\/wp-content\/uploads\/2023\/06\/2CCF6D89-52E3-4421-A0DF-EB48014C407D.jpeg","jetpack_sharing_enabled":true,"_links":{"self":[{"href":"https:\/\/mediagroup.mx\/index.php\/wp-json\/wp\/v2\/posts\/45950","targetHints":{"allow":["GET"]}}],"collection":[{"href":"https:\/\/mediagroup.mx\/index.php\/wp-json\/wp\/v2\/posts"}],"about":[{"href":"https:\/\/mediagroup.mx\/index.php\/wp-json\/wp\/v2\/types\/post"}],"author":[{"embeddable":true,"href":"https:\/\/mediagroup.mx\/index.php\/wp-json\/wp\/v2\/users\/1"}],"replies":[{"embeddable":true,"href":"https:\/\/mediagroup.mx\/index.php\/wp-json\/wp\/v2\/comments?post=45950"}],"version-history":[{"count":0,"href":"https:\/\/mediagroup.mx\/index.php\/wp-json\/wp\/v2\/posts\/45950\/revisions"}],"wp:featuredmedia":[{"embeddable":true,"href":"https:\/\/mediagroup.mx\/index.php\/wp-json\/wp\/v2\/media\/44731"}],"wp:attachment":[{"href":"https:\/\/mediagroup.mx\/index.php\/wp-json\/wp\/v2\/media?parent=45950"}],"wp:term":[{"taxonomy":"category","embeddable":true,"href":"https:\/\/mediagroup.mx\/index.php\/wp-json\/wp\/v2\/categories?post=45950"},{"taxonomy":"post_tag","embeddable":true,"href":"https:\/\/mediagroup.mx\/index.php\/wp-json\/wp\/v2\/tags?post=45950"}],"curies":[{"name":"wp","href":"https:\/\/api.w.org\/{rel}","templated":true}]}}