{"id":45951,"date":"2023-06-26T20:42:30","date_gmt":"2023-06-26T20:42:30","guid":{"rendered":"https:\/\/new.mediagroup.mx\/index.php\/2023\/06\/26\/dictan-prision-provisional-a-ovidio-guzman-en-el-penal-del-altiplano-2\/"},"modified":"2023-06-26T20:42:30","modified_gmt":"2023-06-26T20:42:30","slug":"dictan-prision-provisional-a-ovidio-guzman-en-el-penal-del-altiplano-2","status":"publish","type":"post","link":"https:\/\/mediagroup.mx\/index.php\/2023\/06\/26\/dictan-prision-provisional-a-ovidio-guzman-en-el-penal-del-altiplano-2\/","title":{"rendered":"Dictan prisi\u00f3n provisional a Ovidio Guzm\u00e1n en el penal del Altiplano"},"content":{"rendered":"<p>Con dos horas de retraso, inici\u00f3 la audiencia informativa de detenci\u00f3n provisional con fines de extradici\u00f3n de <strong><a href=\"https:\/\/www.unotv.com\/nacional\/ovidio-guzman-lopez-juez-suspende-extradicion-a-estados-unidos\/\" target=\"_blank\" rel=\"noreferrer noopener\">Ovidio Guzm\u00e1n<\/a> L\u00f3pez, el \u201cRat\u00f3n\u201d,<\/strong>en el Centro de Justicia Federal del Altiplano, que estaba programada para las 11:00 horas de este viernes, y en la que, finalmente, se decret\u00f3 <strong>prisi\u00f3n provisional al hijo de Joaqu\u00edn,<\/strong> \u201cChapo\u201d, Guzm\u00e1n.<\/p>\n<h2>\u00bfDe qu\u00e9 se le acusa a Ovidio Guzm\u00e1n?<\/h2>\n<p>Ah\u00ed, un juez comunic\u00f3 a Ovidio <strong>los motivos de su detenci\u00f3n, como la orden a petici\u00f3n de Estados Unidos por el delito de tr\u00e1fico de 5 kg o m\u00e1s de coca\u00edna<\/strong>; 500 gramos o m\u00e1s de metanfetamina; y mil o m\u00e1s kilogramos de marihuana importadas de manera ilegal en el extranjero.<\/p>\n<p>En M\u00e9xico, a <strong>Ovidio Guzm\u00e1n <\/strong>se le acusa de los <strong>delitos de posesi\u00f3n de armas de uso exclusivo del Ej\u00e9rcito, tentativa de homicidio y otros<\/strong>. Sin embargo, <strong>hay conocimiento de otras carpetas de investigaci\u00f3n en su contra<\/strong>, de las cuales no se ha compartido informaci\u00f3n por la secrec\u00eda del proceso.<\/p>\n<div class=\"code-block code-block-8 amp-wp-b6a507d\" data-amp-original-style=\"margin: 8px auto; text-align: center; display: block; clear: both;\"><strong>Prisi\u00f3n provisional a Ovidio Guzm\u00e1n<\/strong><\/div>\n<p>El juez le decret\u00f3 a <a href=\"https:\/\/www.unotv.com\/nacional\/revelan-fotografia-de-ovidio-guzman-detenido\/\" target=\"_blank\" rel=\"noreferrer noopener\">Ovidio Guzm\u00e1n<\/a> <strong>prisi\u00f3n provisional, con fines de extradici\u00f3n<\/strong>, por lo que permanecer\u00e1 60 d\u00edas en la c\u00e1rcel, es decir, hasta el 5 de marzo y Estados Unidos formalice la petici\u00f3n de extradici\u00f3n.<\/p>\n<p>Respecto a la extradici\u00f3n, los tres abogados del imputado, Alberto D\u00edaz Mendieta, Juan Clemente Morales y Julio Seguro Garc\u00eda, dijeron que si <strong>el gobierno de Estados Unidos no presenta la petici\u00f3n formal de extradici\u00f3n<\/strong>, no tomar\u00edan ninguna postura<\/p>\n<h2>Piden atenci\u00f3n m\u00e9dica para Ovidio Guzm\u00e1n<\/h2>\n<p>Los abogados del \u201cRat\u00f3n\u201d pidieron atenci\u00f3n m\u00e9dica para su cliente, pues, recientemente, <strong>tuvo una intervenci\u00f3n quir\u00fargica y requiere dieta<\/strong>, adem\u00e1s de que padece problemas de depresi\u00f3n y ansiedad.<\/p>\n<p>El juez pregunt\u00f3 a Ovidio Guzm\u00e1n si ten\u00eda alguna otra solicitud, por lo que el acusado de narcotr\u00e1fico pidi\u00f3 dos abogados m\u00e1s, que son originarios de Sinaloa, para que tambi\u00e9n se unan a su defensa.<\/p>\n<div class=\"code-block code-block-21 amp-wp-d1954fa\" data-amp-original-style=\"margin: 8px 0; clear: both;\"><iframe loading=\"lazy\" class=\"i-amphtml-fill-content\" title=\"Advertisement\" src=\"https:\/\/d-27205780323973560626.ampproject.net\/2212151632002\/frame.html\" name=\"{&quot;host&quot;:&quot;d-27205780323973560626.ampproject.net&quot;,&quot;bootstrap&quot;:&quot;https:\/\/3p.ampproject.net\/2212151632002\/vendor\/teads.mjs&quot;,&quot;type&quot;:&quot;teads&quot;,&quot;count&quot;:2,&quot;attributes&quot;:{&quot;pid&quot;:&quot;131162&quot;,&quot;ampSlotIndex&quot;:&quot;4&quot;,&quot;width&quot;:300,&quot;height&quot;:1,&quot;_context&quot;:{&quot;ampcontextVersion&quot;:&quot;2212151632002&quot;,&quot;ampcontextFilepath&quot;:&quot;https:\/\/3p.ampproject.net\/2212151632002\/ampcontext-v0.js&quot;,&quot;sourceUrl&quot;:&quot;https:\/\/www.unotv.com\/nacional\/ovidio-guzman-dan-al-hijo-del-chapo-prision-provisional-en-el-penal-del-altiplano-edomex\/&quot;,&quot;referrer&quot;:&quot;https:\/\/www.google.com\/&quot;,&quot;canonicalUrl&quot;:&quot;https:\/\/www.unotv.com\/nacional\/ovidio-guzman-dan-al-hijo-del-chapo-prision-provisional-en-el-penal-del-altiplano-edomex\/&quot;,&quot;pageViewId&quot;:&quot;5497&quot;,&quot;location&quot;:{&quot;href&quot;:&quot;https:\/\/www.unotv.com\/nacional\/ovidio-guzman-dan-al-hijo-del-chapo-prision-provisional-en-el-penal-del-altiplano-edomex\/&quot;},&quot;startTime&quot;:1673064145163,&quot;tagName&quot;:&quot;AMP-AD&quot;,&quot;mode&quot;:{&quot;localDev&quot;:false,&quot;development&quot;:false,&quot;esm&quot;:true,&quot;test&quot;:false,&quot;rtvVersion&quot;:&quot;012212151632002&quot;},&quot;canary&quot;:false,&quot;hidden&quot;:false,&quot;initialLayoutRect&quot;:{&quot;left&quot;:20,&quot;top&quot;:3622,&quot;width&quot;:374,&quot;height&quot;:1},&quot;domFingerprint&quot;:&quot;4073416378&quot;,&quot;experimentToggles&quot;:{&quot;canary&quot;:false,&quot;a4aProfilingRate&quot;:false,&quot;doubleclickSraExp&quot;:false,&quot;doubleclickSraReportExcludedBlock&quot;:false,&quot;flexAdSlots&quot;:false,&quot;flexible-bitrate&quot;:false,&quot;ios-fixed-no-transfer&quot;:false,&quot;story-ad-placements&quot;:false,&quot;story-disable-animations-first-page&quot;:true,&quot;story-load-inactive-outside-viewport&quot;:true,&quot;amp-sticky-ad-to-amp-ad-v4&quot;:false,&quot;story-video-cache-apply-audio&quot;:false,&quot;amp-story-subscriptions&quot;:true,&quot;esm&quot;:true,&quot;amp-story-first-page-max-bitrate&quot;:false,&quot;story-load-first-page-only&quot;:true,&quot;story-ad-page-outlink&quot;:false,&quot;amp-geo-ssr&quot;:true,&quot;story-remote-localization&quot;:true},&quot;sentinel&quot;:&quot;0-3266332072166049576&quot;,&quot;clientId&quot;:null,&quot;container&quot;:null,&quot;initialConsentState&quot;:null,&quot;consentSharedData&quot;:null,&quot;initialConsentValue&quot;:null,&quot;initialConsentMetadata&quot;:null,&quot;pageViewId64&quot;:&quot;bHKolzv5RT9QnP7CxAbUcA&quot;,&quot;initialIntersection&quot;:{&quot;time&quot;:43640,&quot;rootBounds&quot;:{&quot;left&quot;:0,&quot;top&quot;:0,&quot;width&quot;:414,&quot;height&quot;:694,&quot;bottom&quot;:694,&quot;right&quot;:414,&quot;x&quot;:0,&quot;y&quot;:0},&quot;boundingClientRect&quot;:{&quot;left&quot;:20,&quot;top&quot;:2471,&quot;width&quot;:374,&quot;height&quot;:1,&quot;bottom&quot;:2472,&quot;right&quot;:394,&quot;x&quot;:20,&quot;y&quot;:2471},&quot;intersectionRect&quot;:{&quot;left&quot;:0,&quot;top&quot;:0,&quot;width&quot;:0,&quot;height&quot;:0,&quot;bottom&quot;:0,&quot;right&quot;:0,&quot;x&quot;:0,&quot;y&quot;:0},&quot;intersectionRatio&quot;:0}},&quot;type&quot;:&quot;teads&quot;}}\" width=\"300\" height=\"1\" scrolling=\"no\" sandbox=\"allow-top-navigation-by-user-activation allow-popups-to-escape-sandbox allow-forms allow-modals allow-pointer-lock allow-popups allow-same-origin allow-scripts\" data-amp-3p-sentinel=\"0-3266332072166049576\" data-mce-fragment=\"1\"><\/iframe><\/div>\n<h2>Indagan retraso de audiencia de Ovidio Guzm\u00e1n y multan a directora del Altriplano<\/h2>\n<p>Finalmente,<strong> el juez impuso una multa de 19 mil 244 pesos para la Directora del Penal y el Comisionado de Prevenci\u00f3n y Readaptaci\u00f3n Social<\/strong>, argumentando no existir motivos para el retraso de la audiencia y presentar a <a href=\"https:\/\/www.unotv.com\/nacional\/ovidio-guzman-por-que-delitos-lo-acusan-en-eu-y-mexico\/\" target=\"_blank\" rel=\"noreferrer noopener\">Ovidio Guzm\u00e1n<\/a> a las 11:00 horas, como estaba programado que iniciara la audiencia, y pidi\u00f3 a la Fiscal\u00eda investigar las causas.<\/p>\n<div class=\"wp-block-newspack-blocks-homepage-articles related-news-col-4 wpnbha is-grid columns-4 show-image image-aligntop ts-4 is-3 is-landscape related-news-col-4 has-text-align-left\">\n<div data-posts=\"\" data-current-post-id=\"837507\">Con informaci\u00f3n de: UnoTV<\/div>\n<\/div>\n","protected":false},"excerpt":{"rendered":"<p>Con dos horas de retraso, inici\u00f3 la audiencia informativa de detenci\u00f3n provisional con fines de extradici\u00f3n de Ovidio Guzm\u00e1n L\u00f3pez, el \u201cRat\u00f3n\u201d,en el Centro de Justicia Federal del Altiplano, que estaba programada para las 11:00 horas de este viernes, y en la que, finalmente, se decret\u00f3 prisi\u00f3n provisional al hijo de Joaqu\u00edn, \u201cChapo\u201d, Guzm\u00e1n. \u00bfDe [&hellip;]<\/p>\n","protected":false},"author":1,"featured_media":44733,"comment_status":"open","ping_status":"open","sticky":false,"template":"","format":"standard","meta":{"om_disable_all_campaigns":false,"_monsterinsights_skip_tracking":false,"_monsterinsights_sitenote_active":false,"_monsterinsights_sitenote_note":"","_monsterinsights_sitenote_category":0,"_uf_show_specific_survey":0,"_uf_disable_surveys":false,"_jetpack_memberships_contains_paid_content":false,"footnotes":"","jetpack_publicize_message":"","jetpack_publicize_feature_enabled":true,"jetpack_social_post_already_shared":false,"jetpack_social_options":{"image_generator_settings":{"template":"highway","default_image_id":0,"enabled":false},"version":2}},"categories":[16],"tags":[],"class_list":{"0":"post-45951","1":"post","2":"type-post","3":"status-publish","4":"format-standard","5":"has-post-thumbnail","7":"category-viral"},"aioseo_notices":[],"jetpack_publicize_connections":[],"jetpack_featured_media_url":"https:\/\/mediagroup.mx\/wp-content\/uploads\/2023\/06\/5E5EE39A-8977-45D9-A464-E7570BDFD20F.jpeg","jetpack_sharing_enabled":true,"_links":{"self":[{"href":"https:\/\/mediagroup.mx\/index.php\/wp-json\/wp\/v2\/posts\/45951","targetHints":{"allow":["GET"]}}],"collection":[{"href":"https:\/\/mediagroup.mx\/index.php\/wp-json\/wp\/v2\/posts"}],"about":[{"href":"https:\/\/mediagroup.mx\/index.php\/wp-json\/wp\/v2\/types\/post"}],"author":[{"embeddable":true,"href":"https:\/\/mediagroup.mx\/index.php\/wp-json\/wp\/v2\/users\/1"}],"replies":[{"embeddable":true,"href":"https:\/\/mediagroup.mx\/index.php\/wp-json\/wp\/v2\/comments?post=45951"}],"version-history":[{"count":0,"href":"https:\/\/mediagroup.mx\/index.php\/wp-json\/wp\/v2\/posts\/45951\/revisions"}],"wp:featuredmedia":[{"embeddable":true,"href":"https:\/\/mediagroup.mx\/index.php\/wp-json\/wp\/v2\/media\/44733"}],"wp:attachment":[{"href":"https:\/\/mediagroup.mx\/index.php\/wp-json\/wp\/v2\/media?parent=45951"}],"wp:term":[{"taxonomy":"category","embeddable":true,"href":"https:\/\/mediagroup.mx\/index.php\/wp-json\/wp\/v2\/categories?post=45951"},{"taxonomy":"post_tag","embeddable":true,"href":"https:\/\/mediagroup.mx\/index.php\/wp-json\/wp\/v2\/tags?post=45951"}],"curies":[{"name":"wp","href":"https:\/\/api.w.org\/{rel}","templated":true}]}}