{"id":45984,"date":"2023-06-26T20:42:36","date_gmt":"2023-06-26T20:42:36","guid":{"rendered":"https:\/\/new.mediagroup.mx\/index.php\/2023\/06\/26\/pista-de-atletismo-del-venustiano-ya-se-encuentra-abierta-pero-requiere-mas-mantenimiento-2\/"},"modified":"2023-06-26T20:42:36","modified_gmt":"2023-06-26T20:42:36","slug":"pista-de-atletismo-del-venustiano-ya-se-encuentra-abierta-pero-requiere-mas-mantenimiento-2","status":"publish","type":"post","link":"https:\/\/mediagroup.mx\/index.php\/2023\/06\/26\/pista-de-atletismo-del-venustiano-ya-se-encuentra-abierta-pero-requiere-mas-mantenimiento-2\/","title":{"rendered":"Pista de atletismo del \u201cVenustiano\u201d ya se encuentra abierta pero requiere m\u00e1s mantenimiento"},"content":{"rendered":"<p style=\"text-align: justify;\">El Gobierno de Michoac\u00e1n, a trav\u00e9s de la Comisi\u00f3n Estatal de Cultura F\u00edsica y Deporte (Cecufid), informa que la pista \u201cCamilo Vel\u00e1zquez\u201d del Estadio Venustiano Carranza en Morelia, ya se encuentra abierta al p\u00fablico en general tras las reparaciones que se le hicieron en beneficio de las y los michoacanos.<\/p>\n<p style=\"text-align: justify;\">De acuerdo con Omar Calder\u00f3n L\u00f3pez, jefe del Departamento de Infraestructura de la Cecufid, el concierto masivo de Los Bukis \u201cno provoc\u00f3 afectaciones mayores a la pista\u201d y por lo que fue la misma fue reparada y ya puede ser utilizada para el entrenamiento de los atletas, as\u00ed como por gente de todas las edades.<\/p>\n<p style=\"text-align: justify;\">No obstante, refiri\u00f3 que la pista de atletismo ya muestra deterioro en diversas zonas debido al uso, toda vez que se trata de un espacio p\u00fablico que puede ser usado por todas las personas, no solo por atletas de alto rendimiento, por lo que el desgaste de la superficie es mayor.<\/p>\n<p>Asimismo, explic\u00f3 que a pesar de que fue reinaugurada en 2018, la pista requiere una nueva rehabilitaci\u00f3n debido a que en la anterior remodelaci\u00f3n no se aplicaron los materiales adecuados, lo que impide su certificaci\u00f3n por la Asociaci\u00f3n Internacional de Federaciones de Atletismo (IAAF, por sus siglas en ingl\u00e9s).<\/p>\n<p>Por \u00faltimo, record\u00f3 a las y los habitantes de la capital michoacana, que ya hacer uso nuevamente de la pista sin ning\u00fan problema; no obstante, ya se elabor\u00f3 un expediente de las condiciones de la pista por parte de la jefatura del Departamento de Infraestructura de la Cecufid, mismo que se le entregar\u00e1 en los pr\u00f3ximos d\u00edas al gobernador Alfredo Ram\u00edrez Bedolla para rehabilitar de nueva cuenta a la obra.<\/p>\n<p>Por: Oscar Mendoza<\/p>\n","protected":false},"excerpt":{"rendered":"<p>El Gobierno de Michoac\u00e1n, a trav\u00e9s de la Comisi\u00f3n Estatal de Cultura F\u00edsica y Deporte (Cecufid), informa que la pista \u201cCamilo Vel\u00e1zquez\u201d del Estadio Venustiano Carranza en Morelia, ya se encuentra abierta al p\u00fablico en general tras las reparaciones que se le hicieron en beneficio de las y los michoacanos. De acuerdo con Omar Calder\u00f3n [&hellip;]<\/p>\n","protected":false},"author":1,"featured_media":44798,"comment_status":"open","ping_status":"open","sticky":false,"template":"","format":"standard","meta":{"om_disable_all_campaigns":false,"_monsterinsights_skip_tracking":false,"_monsterinsights_sitenote_active":false,"_monsterinsights_sitenote_note":"","_monsterinsights_sitenote_category":0,"_uf_show_specific_survey":0,"_uf_disable_surveys":false,"_jetpack_memberships_contains_paid_content":false,"footnotes":"","jetpack_publicize_message":"","jetpack_publicize_feature_enabled":true,"jetpack_social_post_already_shared":false,"jetpack_social_options":{"image_generator_settings":{"template":"highway","default_image_id":0,"enabled":false},"version":2}},"categories":[19],"tags":[],"class_list":{"0":"post-45984","1":"post","2":"type-post","3":"status-publish","4":"format-standard","5":"has-post-thumbnail","7":"category-deportes"},"aioseo_notices":[],"jetpack_publicize_connections":[],"jetpack_featured_media_url":"https:\/\/mediagroup.mx\/wp-content\/uploads\/2023\/06\/WhatsApp-Image-2023-01-12-at-3.02.09-PM.jpeg","jetpack_sharing_enabled":true,"_links":{"self":[{"href":"https:\/\/mediagroup.mx\/index.php\/wp-json\/wp\/v2\/posts\/45984","targetHints":{"allow":["GET"]}}],"collection":[{"href":"https:\/\/mediagroup.mx\/index.php\/wp-json\/wp\/v2\/posts"}],"about":[{"href":"https:\/\/mediagroup.mx\/index.php\/wp-json\/wp\/v2\/types\/post"}],"author":[{"embeddable":true,"href":"https:\/\/mediagroup.mx\/index.php\/wp-json\/wp\/v2\/users\/1"}],"replies":[{"embeddable":true,"href":"https:\/\/mediagroup.mx\/index.php\/wp-json\/wp\/v2\/comments?post=45984"}],"version-history":[{"count":0,"href":"https:\/\/mediagroup.mx\/index.php\/wp-json\/wp\/v2\/posts\/45984\/revisions"}],"wp:featuredmedia":[{"embeddable":true,"href":"https:\/\/mediagroup.mx\/index.php\/wp-json\/wp\/v2\/media\/44798"}],"wp:attachment":[{"href":"https:\/\/mediagroup.mx\/index.php\/wp-json\/wp\/v2\/media?parent=45984"}],"wp:term":[{"taxonomy":"category","embeddable":true,"href":"https:\/\/mediagroup.mx\/index.php\/wp-json\/wp\/v2\/categories?post=45984"},{"taxonomy":"post_tag","embeddable":true,"href":"https:\/\/mediagroup.mx\/index.php\/wp-json\/wp\/v2\/tags?post=45984"}],"curies":[{"name":"wp","href":"https:\/\/api.w.org\/{rel}","templated":true}]}}