{"id":45985,"date":"2023-06-26T20:42:36","date_gmt":"2023-06-26T20:42:36","guid":{"rendered":"https:\/\/new.mediagroup.mx\/index.php\/2023\/06\/26\/si-hay-vandalismo-normalistas-pueden-ser-detenidos-o-investigados-alfredo-ramirez-2\/"},"modified":"2023-06-26T20:42:36","modified_gmt":"2023-06-26T20:42:36","slug":"si-hay-vandalismo-normalistas-pueden-ser-detenidos-o-investigados-alfredo-ramirez-2","status":"publish","type":"post","link":"https:\/\/mediagroup.mx\/index.php\/2023\/06\/26\/si-hay-vandalismo-normalistas-pueden-ser-detenidos-o-investigados-alfredo-ramirez-2\/","title":{"rendered":"Si hay vandalismo, normalistas pueden ser detenidos o investigados: Alfredo Ram\u00edrez"},"content":{"rendered":"<p style=\"text-align: justify;\">El gobernador Alfredo Ram\u00edrez Bedolla, se\u00f1al\u00f3 que si existen actos vand\u00e1licos y agresiones contra particulares durante cualquier manifestaci\u00f3n, las autoridades no pueden ser omisas y deben detener y\/o investigar a los responsables e implicados en tales hechos.<\/p>\n<p style=\"text-align: justify;\">Lo anterior fue expresado por el mandatario a ra\u00edz de las protestas que han realizado en esta semana estudiantes y egresados de las escuelas normales contra las carpetas de investigaci\u00f3n iniciadas por la Fiscal\u00eda General del Estado por actos vand\u00e1licos y bloqueos a las avenidas y calles.<\/p>\n<p style=\"text-align: justify;\">Asimismo, el gobernador insisti\u00f3 en su llamado al respeto para la libre manifestaci\u00f3n, sin embargo, advirti\u00f3 que de presentarse vandalismo y toma de unidades, la Fiscal\u00eda y las autoridades est\u00e1n obligadas a iniciar las actuaciones correspondientes, pues la protesta, no excusa cometer actos fuera de la ley.<\/p>\n<p>&nbsp;<\/p>\n<p>Por: Oscar Mendoza<\/p>\n","protected":false},"excerpt":{"rendered":"<p>El gobernador Alfredo Ram\u00edrez Bedolla, se\u00f1al\u00f3 que si existen actos vand\u00e1licos y agresiones contra particulares durante cualquier manifestaci\u00f3n, las autoridades no pueden ser omisas y deben detener y\/o investigar a los responsables e implicados en tales hechos. Lo anterior fue expresado por el mandatario a ra\u00edz de las protestas que han realizado en esta semana [&hellip;]<\/p>\n","protected":false},"author":1,"featured_media":44800,"comment_status":"open","ping_status":"open","sticky":false,"template":"","format":"standard","meta":{"om_disable_all_campaigns":false,"_monsterinsights_skip_tracking":false,"_monsterinsights_sitenote_active":false,"_monsterinsights_sitenote_note":"","_monsterinsights_sitenote_category":0,"_uf_show_specific_survey":0,"_uf_disable_surveys":false,"_jetpack_memberships_contains_paid_content":false,"footnotes":"","jetpack_publicize_message":"","jetpack_publicize_feature_enabled":true,"jetpack_social_post_already_shared":false,"jetpack_social_options":{"image_generator_settings":{"template":"highway","default_image_id":0,"enabled":false},"version":2}},"categories":[22],"tags":[],"class_list":{"0":"post-45985","1":"post","2":"type-post","3":"status-publish","4":"format-standard","5":"has-post-thumbnail","7":"category-educacion"},"aioseo_notices":[],"jetpack_publicize_connections":[],"jetpack_featured_media_url":"https:\/\/mediagroup.mx\/wp-content\/uploads\/2023\/06\/WhatsApp-Image-2023-01-12-at-3.13.46-PM.jpeg","jetpack_sharing_enabled":true,"_links":{"self":[{"href":"https:\/\/mediagroup.mx\/index.php\/wp-json\/wp\/v2\/posts\/45985","targetHints":{"allow":["GET"]}}],"collection":[{"href":"https:\/\/mediagroup.mx\/index.php\/wp-json\/wp\/v2\/posts"}],"about":[{"href":"https:\/\/mediagroup.mx\/index.php\/wp-json\/wp\/v2\/types\/post"}],"author":[{"embeddable":true,"href":"https:\/\/mediagroup.mx\/index.php\/wp-json\/wp\/v2\/users\/1"}],"replies":[{"embeddable":true,"href":"https:\/\/mediagroup.mx\/index.php\/wp-json\/wp\/v2\/comments?post=45985"}],"version-history":[{"count":0,"href":"https:\/\/mediagroup.mx\/index.php\/wp-json\/wp\/v2\/posts\/45985\/revisions"}],"wp:featuredmedia":[{"embeddable":true,"href":"https:\/\/mediagroup.mx\/index.php\/wp-json\/wp\/v2\/media\/44800"}],"wp:attachment":[{"href":"https:\/\/mediagroup.mx\/index.php\/wp-json\/wp\/v2\/media?parent=45985"}],"wp:term":[{"taxonomy":"category","embeddable":true,"href":"https:\/\/mediagroup.mx\/index.php\/wp-json\/wp\/v2\/categories?post=45985"},{"taxonomy":"post_tag","embeddable":true,"href":"https:\/\/mediagroup.mx\/index.php\/wp-json\/wp\/v2\/tags?post=45985"}],"curies":[{"name":"wp","href":"https:\/\/api.w.org\/{rel}","templated":true}]}}