{"id":45987,"date":"2023-06-26T20:42:36","date_gmt":"2023-06-26T20:42:36","guid":{"rendered":"https:\/\/new.mediagroup.mx\/index.php\/2023\/06\/26\/el-lunes-se-conocera-si-continuaran-conciertos-en-la-pista-del-venustiano-gobernador-2\/"},"modified":"2023-06-26T20:42:36","modified_gmt":"2023-06-26T20:42:36","slug":"el-lunes-se-conocera-si-continuaran-conciertos-en-la-pista-del-venustiano-gobernador-2","status":"publish","type":"post","link":"https:\/\/mediagroup.mx\/index.php\/2023\/06\/26\/el-lunes-se-conocera-si-continuaran-conciertos-en-la-pista-del-venustiano-gobernador-2\/","title":{"rendered":"El lunes se conocer\u00e1 si continuar\u00e1n conciertos en la pista del \u201cVenustiano\u201d: gobernador"},"content":{"rendered":"<p style=\"text-align: justify;\">Ser\u00e1 el pr\u00f3ximo lunes, cuando el Gobierno de Michoac\u00e1n, a trav\u00e9s de la Comisi\u00f3n Estatal de Cultura F\u00edsica y Deporte (Cecufid), d\u00e9 a conocer si la pista de atletismo del Deportivo Revoluci\u00f3n, mejor conocido como \u201cVenustiano\u201d en Morelia, continuar\u00e1 siendo usada como escenario para eventos de espect\u00e1culos.<\/p>\n<p style=\"text-align: justify;\">As\u00ed lo inform\u00f3 el gobernador Alfredo Ram\u00edrez Bedolla quien se\u00f1al\u00f3 a la anterior administraci\u00f3n por ser la responsable de que la pista perdiera la certificaci\u00f3n oficial para competiciones de atletismo.<\/p>\n<p style=\"text-align: justify;\">Asimismo, el mandatario se\u00f1al\u00f3 que la pista ser\u00e1 rehabilitada, sin embargo, pidi\u00f3 esperar al lunes para que se conozca la determinaci\u00f3n oficial respecto a utilizar dicho espacio para conciertos y otras presentaciones de esparcimiento.<\/p>\n<p>Por: Oscar Mendoza<\/p>\n","protected":false},"excerpt":{"rendered":"<p>Ser\u00e1 el pr\u00f3ximo lunes, cuando el Gobierno de Michoac\u00e1n, a trav\u00e9s de la Comisi\u00f3n Estatal de Cultura F\u00edsica y Deporte (Cecufid), d\u00e9 a conocer si la pista de atletismo del Deportivo Revoluci\u00f3n, mejor conocido como \u201cVenustiano\u201d en Morelia, continuar\u00e1 siendo usada como escenario para eventos de espect\u00e1culos. As\u00ed lo inform\u00f3 el gobernador Alfredo Ram\u00edrez Bedolla [&hellip;]<\/p>\n","protected":false},"author":1,"featured_media":44772,"comment_status":"open","ping_status":"open","sticky":false,"template":"","format":"standard","meta":{"om_disable_all_campaigns":false,"_monsterinsights_skip_tracking":false,"_monsterinsights_sitenote_active":false,"_monsterinsights_sitenote_note":"","_monsterinsights_sitenote_category":0,"_uf_show_specific_survey":0,"_uf_disable_surveys":false,"_jetpack_memberships_contains_paid_content":false,"footnotes":"","jetpack_publicize_message":"","jetpack_publicize_feature_enabled":true,"jetpack_social_post_already_shared":false,"jetpack_social_options":{"image_generator_settings":{"template":"highway","default_image_id":0,"enabled":false},"version":2}},"categories":[21],"tags":[],"class_list":{"0":"post-45987","1":"post","2":"type-post","3":"status-publish","4":"format-standard","5":"has-post-thumbnail","7":"category-entretenimiento"},"aioseo_notices":[],"jetpack_publicize_connections":[],"jetpack_featured_media_url":"https:\/\/mediagroup.mx\/wp-content\/uploads\/2023\/06\/A4DA2654-3D4D-451A-9E89-8DB878EAB948.jpeg","jetpack_sharing_enabled":true,"_links":{"self":[{"href":"https:\/\/mediagroup.mx\/index.php\/wp-json\/wp\/v2\/posts\/45987","targetHints":{"allow":["GET"]}}],"collection":[{"href":"https:\/\/mediagroup.mx\/index.php\/wp-json\/wp\/v2\/posts"}],"about":[{"href":"https:\/\/mediagroup.mx\/index.php\/wp-json\/wp\/v2\/types\/post"}],"author":[{"embeddable":true,"href":"https:\/\/mediagroup.mx\/index.php\/wp-json\/wp\/v2\/users\/1"}],"replies":[{"embeddable":true,"href":"https:\/\/mediagroup.mx\/index.php\/wp-json\/wp\/v2\/comments?post=45987"}],"version-history":[{"count":0,"href":"https:\/\/mediagroup.mx\/index.php\/wp-json\/wp\/v2\/posts\/45987\/revisions"}],"wp:featuredmedia":[{"embeddable":true,"href":"https:\/\/mediagroup.mx\/index.php\/wp-json\/wp\/v2\/media\/44772"}],"wp:attachment":[{"href":"https:\/\/mediagroup.mx\/index.php\/wp-json\/wp\/v2\/media?parent=45987"}],"wp:term":[{"taxonomy":"category","embeddable":true,"href":"https:\/\/mediagroup.mx\/index.php\/wp-json\/wp\/v2\/categories?post=45987"},{"taxonomy":"post_tag","embeddable":true,"href":"https:\/\/mediagroup.mx\/index.php\/wp-json\/wp\/v2\/tags?post=45987"}],"curies":[{"name":"wp","href":"https:\/\/api.w.org\/{rel}","templated":true}]}}