{"id":46001,"date":"2023-06-26T20:42:40","date_gmt":"2023-06-26T20:42:40","guid":{"rendered":"https:\/\/new.mediagroup.mx\/index.php\/2023\/06\/26\/enfurecido-sujeto-apunala-a-dos-de-sus-vecinos-2\/"},"modified":"2023-06-26T20:42:40","modified_gmt":"2023-06-26T20:42:40","slug":"enfurecido-sujeto-apunala-a-dos-de-sus-vecinos-2","status":"publish","type":"post","link":"https:\/\/mediagroup.mx\/index.php\/2023\/06\/26\/enfurecido-sujeto-apunala-a-dos-de-sus-vecinos-2\/","title":{"rendered":"Enfurecido sujeto apu\u00f1ala a dos de sus vecinos"},"content":{"rendered":"<p>Por razones hasta el momento desconocidas dos hombres resultaron gravemente lesionados de varias pu\u00f1aladas, tras ser atacados por su enfurecido vecino, en una comunidad del municipio de Arteaga.<\/p>\n<p>De acuerdo con los primeros reportes, la agresi\u00f3n se registr\u00f3 anoche, cuando Emilio M., de 67 a\u00f1os y Erick M., de 32 a\u00f1os, platicaban por fuera de su domicilio ubicado en la poblaci\u00f3n de La Vinata.<\/p>\n<p>En un determinado momento sali\u00f3 de su casa otro sujeto y sin mediar palabra alguna se abalanz\u00f3 contra Emilio y Erick, a quienes les asest\u00f3 varias pu\u00f1aladas y despu\u00e9s regres\u00f3 a su vivienda y se encerr\u00f3.<\/p>\n<p>Familiares de los heridos de inmediato los subieron a un veh\u00edculo particular y se trasladaron hasta la caseta de peaje de Santa Casilda, sobre la Autopista Siglo XXI, donde solicitaron el apoyo de param\u00e9dicos.<\/p>\n<p>Los socorristas le brindaron las primeras curaciones a los heridos y los trasladaron a un hospital en el municipio de M\u00fagica donde qued\u00f3 internado Emilio, mientras que Erick, fue canalizado a la ciudad de Morelia, ya que su estado de salud es delicado.<\/p>\n<p>La Fiscal\u00eda General del Estado ya investiga lo sucedido, sin que hasta el momento se haya informado si el agresor fue requerido por las autoridades o se dio a la fuga.<\/p>\n","protected":false},"excerpt":{"rendered":"<p>Por razones hasta el momento desconocidas dos hombres resultaron gravemente lesionados de varias pu\u00f1aladas, tras ser atacados por su enfurecido vecino, en una comunidad del municipio de Arteaga. De acuerdo con los primeros reportes, la agresi\u00f3n se registr\u00f3 anoche, cuando Emilio M., de 67 a\u00f1os y Erick M., de 32 a\u00f1os, platicaban por fuera de [&hellip;]<\/p>\n","protected":false},"author":1,"featured_media":44911,"comment_status":"open","ping_status":"open","sticky":false,"template":"","format":"standard","meta":{"om_disable_all_campaigns":false,"_monsterinsights_skip_tracking":false,"_monsterinsights_sitenote_active":false,"_monsterinsights_sitenote_note":"","_monsterinsights_sitenote_category":0,"_uf_show_specific_survey":0,"_uf_disable_surveys":false,"_jetpack_memberships_contains_paid_content":false,"footnotes":"","jetpack_publicize_message":"","jetpack_publicize_feature_enabled":true,"jetpack_social_post_already_shared":false,"jetpack_social_options":{"image_generator_settings":{"template":"highway","default_image_id":0,"enabled":false},"version":2}},"categories":[24],"tags":[],"class_list":{"0":"post-46001","1":"post","2":"type-post","3":"status-publish","4":"format-standard","5":"has-post-thumbnail","7":"category-seguridad"},"aioseo_notices":[],"jetpack_publicize_connections":[],"jetpack_featured_media_url":"https:\/\/mediagroup.mx\/wp-content\/uploads\/2023\/06\/BD5F9768-AA96-47D1-A840-50B118492EEC.jpeg","jetpack_sharing_enabled":true,"_links":{"self":[{"href":"https:\/\/mediagroup.mx\/index.php\/wp-json\/wp\/v2\/posts\/46001","targetHints":{"allow":["GET"]}}],"collection":[{"href":"https:\/\/mediagroup.mx\/index.php\/wp-json\/wp\/v2\/posts"}],"about":[{"href":"https:\/\/mediagroup.mx\/index.php\/wp-json\/wp\/v2\/types\/post"}],"author":[{"embeddable":true,"href":"https:\/\/mediagroup.mx\/index.php\/wp-json\/wp\/v2\/users\/1"}],"replies":[{"embeddable":true,"href":"https:\/\/mediagroup.mx\/index.php\/wp-json\/wp\/v2\/comments?post=46001"}],"version-history":[{"count":0,"href":"https:\/\/mediagroup.mx\/index.php\/wp-json\/wp\/v2\/posts\/46001\/revisions"}],"wp:featuredmedia":[{"embeddable":true,"href":"https:\/\/mediagroup.mx\/index.php\/wp-json\/wp\/v2\/media\/44911"}],"wp:attachment":[{"href":"https:\/\/mediagroup.mx\/index.php\/wp-json\/wp\/v2\/media?parent=46001"}],"wp:term":[{"taxonomy":"category","embeddable":true,"href":"https:\/\/mediagroup.mx\/index.php\/wp-json\/wp\/v2\/categories?post=46001"},{"taxonomy":"post_tag","embeddable":true,"href":"https:\/\/mediagroup.mx\/index.php\/wp-json\/wp\/v2\/tags?post=46001"}],"curies":[{"name":"wp","href":"https:\/\/api.w.org\/{rel}","templated":true}]}}